{"id":5952,"date":"2022-08-17T19:05:45","date_gmt":"2022-08-17T22:05:45","guid":{"rendered":"https:\/\/wp.ufpel.edu.br\/ppgveterinaria\/?p=5952"},"modified":"2022-09-08T14:51:44","modified_gmt":"2022-09-08T17:51:44","slug":"aula-inaugural-ppgv-2022-2","status":"publish","type":"post","link":"https:\/\/wp.ufpel.edu.br\/ppgveterinaria\/aula-inaugural-ppgv-2022-2\/","title":{"rendered":"Aula Inaugural PPGV &#8211; 2022-2"},"content":{"rendered":"<p style=\"text-align: justify;\"><span style=\"color: #464646;\">Convidamos os docentes e discentes do PPGV para a Aula Inaugural do segundo semestre de 2022, a qual abordar\u00e1 a \u201cAvalia\u00e7\u00e3o Quadrienal dos Programas de P\u00f3s-Gradua\u00e7\u00e3o: Qual a participa\u00e7\u00e3o dos discentes?&#8221;.\u00a0<\/span><\/p>\n<p style=\"text-align: justify;\"><span style=\"color: #464646;\">A aula ser\u00e1 ministrada pela\u00a0Professora Dra. Bruna da Rosa Curcio, atual coordenadora do PPGV-UFPel (2021-2023), e acontecer\u00e1 no\u00a0<b>dia 24\/08\/2022, \u00e0s 14 horas<\/b>, no Audit\u00f3rio do Aul\u00e1rio 2 (Pr\u00e9dio Meteorologia &#8211; Campus Cap\u00e3o do Le\u00e3o).<\/span><\/p>\n<p style=\"text-align: justify;\"><span style=\"color: #464646;\">No encontro, tamb\u00e9m\u00a0ser\u00e1 apresentada a nova proposta da disciplina\u00a0de\u00a0<b>Semin\u00e1rios<\/b>, uma vez que ela ser\u00e1 ministrada majoritariamente de forma concentrada,\u00a0na semana de\u00a0<b>28\/11\/2022<\/b>\u00a0a\u00a0<b>02<\/b><b>\/12\/2022<\/b>, e contar\u00e1 com a participa\u00e7\u00e3o de toda a comunidade acad\u00eamica do PPGV.\u00a0<\/span><\/p>\n<p>&nbsp;<\/p>\n","protected":false},"excerpt":{"rendered":"<p>Convidamos os docentes e discentes do PPGV para a Aula Inaugural do segundo semestre de 2022, a qual abordar\u00e1 a \u201cAvalia\u00e7\u00e3o Quadrienal dos Programas de P\u00f3s-Gradua\u00e7\u00e3o: Qual a participa\u00e7\u00e3o dos discentes?&#8221;.\u00a0 A aula ser\u00e1 ministrada pela\u00a0Professora Dra. Bruna da Rosa Curcio, atual coordenadora do PPGV-UFPel (2021-2023), e acontecer\u00e1 no\u00a0dia 24\/08\/2022, \u00e0s 14 horas, no Audit\u00f3rio [&hellip;]<\/p>\n","protected":false},"author":391,"featured_media":0,"comment_status":"closed","ping_status":"closed","sticky":false,"template":"","format":"standard","meta":{"footnotes":""},"categories":[76430],"tags":[],"class_list":["post-5952","post","type-post","status-publish","format-standard","hentry","category-noticias"],"jetpack_featured_media_url":"","_links":{"self":[{"href":"https:\/\/wp.ufpel.edu.br\/ppgveterinaria\/wp-json\/wp\/v2\/posts\/5952","targetHints":{"allow":["GET"]}}],"collection":[{"href":"https:\/\/wp.ufpel.edu.br\/ppgveterinaria\/wp-json\/wp\/v2\/posts"}],"about":[{"href":"https:\/\/wp.ufpel.edu.br\/ppgveterinaria\/wp-json\/wp\/v2\/types\/post"}],"author":[{"embeddable":true,"href":"https:\/\/wp.ufpel.edu.br\/ppgveterinaria\/wp-json\/wp\/v2\/users\/391"}],"replies":[{"embeddable":true,"href":"https:\/\/wp.ufpel.edu.br\/ppgveterinaria\/wp-json\/wp\/v2\/comments?post=5952"}],"version-history":[{"count":4,"href":"https:\/\/wp.ufpel.edu.br\/ppgveterinaria\/wp-json\/wp\/v2\/posts\/5952\/revisions"}],"predecessor-version":[{"id":5957,"href":"https:\/\/wp.ufpel.edu.br\/ppgveterinaria\/wp-json\/wp\/v2\/posts\/5952\/revisions\/5957"}],"wp:attachment":[{"href":"https:\/\/wp.ufpel.edu.br\/ppgveterinaria\/wp-json\/wp\/v2\/media?parent=5952"}],"wp:term":[{"taxonomy":"category","embeddable":true,"href":"https:\/\/wp.ufpel.edu.br\/ppgveterinaria\/wp-json\/wp\/v2\/categories?post=5952"},{"taxonomy":"post_tag","embeddable":true,"href":"https:\/\/wp.ufpel.edu.br\/ppgveterinaria\/wp-json\/wp\/v2\/tags?post=5952"}],"curies":[{"name":"wp","href":"https:\/\/api.w.org\/{rel}","templated":true}]}}