{"id":4563,"date":"2020-01-14T10:35:23","date_gmt":"2020-01-14T13:35:23","guid":{"rendered":"https:\/\/wp.ufpel.edu.br\/ppgveterinaria\/?p=4563"},"modified":"2020-01-14T10:35:23","modified_gmt":"2020-01-14T13:35:23","slug":"convite-defesas-ppgv-2a-quinzena-janeiro","status":"publish","type":"post","link":"https:\/\/wp.ufpel.edu.br\/ppgveterinaria\/convite-defesas-ppgv-2a-quinzena-janeiro\/","title":{"rendered":"Convite Defesas PPGV &#8211; 2\u00aa Quinzena Janeiro"},"content":{"rendered":"<p>&nbsp;<\/p>\n<p><span style=\"color: #464646\">Convidamos para as defesas de Disserta\u00e7\u00e3o do PPGV agendadas para a segunda quinzena de janeiro de 2020.<\/span><\/p>\n<p>&nbsp;<\/p>\n<p><span style=\"color: #464646\"><strong>T\u00edtulo:<\/strong>\u00a0\u201cGesta\u00e7\u00e3o gemelar em \u00e9guas Crioulas\u201d<\/span><\/p>\n<p><span style=\"color: #464646\"><strong>Data:<\/strong>\u00a030\/01\/2020<\/span><\/p>\n<p><span style=\"color: #464646\"><strong>Hor\u00e1rio:<\/strong>\u00a014 horas<\/span><\/p>\n<p><span style=\"color: #464646\"><strong>Local:<\/strong>\u00a0<span style=\"font-style: inherit\">Sala 307 no Campus II\u00a0(Rua Almirante Barroso, 1202)<\/span><\/span><\/p>\n<p><span style=\"color: #464646\"><strong>Aluno:<\/strong>\u00a0Camila Gervini Wendt<\/span><\/p>\n<p><span style=\"color: #464646\"><strong>Orientador:<\/strong>\u00a0Prof. Dr.\u00a0Carlos Eduardo Wayne Nogueira<\/span><\/p>\n<p><span style=\"color: #464646\"><strong>Banca examinadora:<\/strong>\u00a0Prof\u00aa. Dra.\u00a0Carine Dahl Corcini,\u00a0Dra.\u00a0Fernanda Maria Pazinato,\u00a0Prof\u00aa. Dra.\u00a0Ilusca Sampaio Finger\u00a0e\u00a0Prof\u00aa. Dra.\u00a0Bruna da Rosa Curcio\u00a0(Suplente)<\/span><\/p>\n<p>&nbsp;<\/p>\n<p><span style=\"color: #464646\"><strong>T\u00edtulo:<\/strong>\u00a0\u201cDetec\u00e7\u00e3o, caracteriza\u00e7\u00e3o molecular e an\u00e1lise filogen\u00e9tica de Avipoxvirus de aves oriundas da regi\u00e3o sul do Rio Grande do Sul\u201d<\/span><\/p>\n<p><span style=\"color: #464646\"><strong>Data:<\/strong>\u00a031\/01\/2020<\/span><\/p>\n<p><span style=\"color: #464646\"><strong>Hor\u00e1rio:<\/strong>\u00a009 horas<\/span><\/p>\n<p><span style=\"color: #464646\"><strong>Local:<\/strong>\u00a0Faculdade de Veterin\u00e1ria &#8211; Sala 11<\/span><\/p>\n<p><span style=\"color: #464646\"><strong>Aluno:<\/strong>\u00a0Leonardo Clasen Ribeiro<\/span><\/p>\n<p><span style=\"color: #464646\"><strong>Orientador:<\/strong>\u00a0Prof. Dr.\u00a0Gilberto D&#8217;Avila Vargas<\/span><\/p>\n<p><span style=\"color: #464646\"><strong>Banca examinadora:<\/strong>\u00a0Prof. Dr.\u00a0Rodrigo de Almeida Vaucher,\u00a0Dra.\u00a0Francielle Liz Monteiro,\u00a0Prof\u00aa. Dra.\u00a0Eliza Simone Vi\u00e9gas Sallis\u00a0e\u00a0Prof. Dr.\u00a0Felipe Geraldo Pappen\u00a0(Suplente)<\/span><\/p>\n<p>&nbsp;<\/p>\n","protected":false},"excerpt":{"rendered":"<p>&nbsp; Convidamos para as defesas de Disserta\u00e7\u00e3o do PPGV agendadas para a segunda quinzena de janeiro de 2020. &nbsp; T\u00edtulo:\u00a0\u201cGesta\u00e7\u00e3o gemelar em \u00e9guas Crioulas\u201d Data:\u00a030\/01\/2020 Hor\u00e1rio:\u00a014 horas Local:\u00a0Sala 307 no Campus II\u00a0(Rua Almirante Barroso, 1202) Aluno:\u00a0Camila Gervini Wendt Orientador:\u00a0Prof. Dr.\u00a0Carlos Eduardo Wayne Nogueira Banca examinadora:\u00a0Prof\u00aa. Dra.\u00a0Carine Dahl Corcini,\u00a0Dra.\u00a0Fernanda Maria Pazinato,\u00a0Prof\u00aa. Dra.\u00a0Ilusca Sampaio Finger\u00a0e\u00a0Prof\u00aa. Dra.\u00a0Bruna da [&hellip;]<\/p>\n","protected":false},"author":391,"featured_media":0,"comment_status":"closed","ping_status":"closed","sticky":false,"template":"","format":"standard","meta":{"footnotes":""},"categories":[76430],"tags":[],"class_list":["post-4563","post","type-post","status-publish","format-standard","hentry","category-noticias"],"jetpack_featured_media_url":"","_links":{"self":[{"href":"https:\/\/wp.ufpel.edu.br\/ppgveterinaria\/wp-json\/wp\/v2\/posts\/4563","targetHints":{"allow":["GET"]}}],"collection":[{"href":"https:\/\/wp.ufpel.edu.br\/ppgveterinaria\/wp-json\/wp\/v2\/posts"}],"about":[{"href":"https:\/\/wp.ufpel.edu.br\/ppgveterinaria\/wp-json\/wp\/v2\/types\/post"}],"author":[{"embeddable":true,"href":"https:\/\/wp.ufpel.edu.br\/ppgveterinaria\/wp-json\/wp\/v2\/users\/391"}],"replies":[{"embeddable":true,"href":"https:\/\/wp.ufpel.edu.br\/ppgveterinaria\/wp-json\/wp\/v2\/comments?post=4563"}],"version-history":[{"count":1,"href":"https:\/\/wp.ufpel.edu.br\/ppgveterinaria\/wp-json\/wp\/v2\/posts\/4563\/revisions"}],"predecessor-version":[{"id":4565,"href":"https:\/\/wp.ufpel.edu.br\/ppgveterinaria\/wp-json\/wp\/v2\/posts\/4563\/revisions\/4565"}],"wp:attachment":[{"href":"https:\/\/wp.ufpel.edu.br\/ppgveterinaria\/wp-json\/wp\/v2\/media?parent=4563"}],"wp:term":[{"taxonomy":"category","embeddable":true,"href":"https:\/\/wp.ufpel.edu.br\/ppgveterinaria\/wp-json\/wp\/v2\/categories?post=4563"},{"taxonomy":"post_tag","embeddable":true,"href":"https:\/\/wp.ufpel.edu.br\/ppgveterinaria\/wp-json\/wp\/v2\/tags?post=4563"}],"curies":[{"name":"wp","href":"https:\/\/api.w.org\/{rel}","templated":true}]}}