{"id":9687,"date":"2025-02-21T18:44:30","date_gmt":"2025-02-21T21:44:30","guid":{"rendered":"https:\/\/wp.ufpel.edu.br\/ppgs\/?p=9687"},"modified":"2025-02-21T18:45:09","modified_gmt":"2025-02-21T21:45:09","slug":"ppgs-promove-pesquisa-para-ouvir-osegressos","status":"publish","type":"post","link":"https:\/\/wp.ufpel.edu.br\/ppgs\/2025\/02\/21\/ppgs-promove-pesquisa-para-ouvir-osegressos\/","title":{"rendered":"PPGS promove pesquisa para ouvir os egressos"},"content":{"rendered":"<p><a href=\"https:\/\/i0.wp.com\/wp.ufpel.edu.br\/ppgs\/files\/2025\/02\/Pesquisa-Perfil-Egressos-PPGS-UFPEL_page-0001.jpg?ssl=1\"><img data-recalc-dims=\"1\" data-attachment-id=\"9695\" data-permalink=\"https:\/\/wp.ufpel.edu.br\/ppgs\/2025\/02\/21\/ppgs-promove-pesquisa-para-ouvir-osegressos\/pesquisa-perfil-egressos-ppgs-ufpel_page-0001\/\" data-orig-file=\"https:\/\/i0.wp.com\/wp.ufpel.edu.br\/ppgs\/files\/2025\/02\/Pesquisa-Perfil-Egressos-PPGS-UFPEL_page-0001.jpg?fit=1688%2C1688&amp;ssl=1\" data-orig-size=\"1688,1688\" data-comments-opened=\"0\" data-image-meta=\"{&quot;aperture&quot;:&quot;0&quot;,&quot;credit&quot;:&quot;&quot;,&quot;camera&quot;:&quot;&quot;,&quot;caption&quot;:&quot;&quot;,&quot;created_timestamp&quot;:&quot;0&quot;,&quot;copyright&quot;:&quot;&quot;,&quot;focal_length&quot;:&quot;0&quot;,&quot;iso&quot;:&quot;0&quot;,&quot;shutter_speed&quot;:&quot;0&quot;,&quot;title&quot;:&quot;&quot;,&quot;orientation&quot;:&quot;0&quot;}\" data-image-title=\"Pesquisa Perfil Egressos PPGS UFPEL_page-0001\" data-image-description=\"\" data-image-caption=\"\" data-medium-file=\"https:\/\/i0.wp.com\/wp.ufpel.edu.br\/ppgs\/files\/2025\/02\/Pesquisa-Perfil-Egressos-PPGS-UFPEL_page-0001.jpg?fit=400%2C400&amp;ssl=1\" data-large-file=\"https:\/\/i0.wp.com\/wp.ufpel.edu.br\/ppgs\/files\/2025\/02\/Pesquisa-Perfil-Egressos-PPGS-UFPEL_page-0001.jpg?fit=1024%2C1024&amp;ssl=1\" class=\"size-medium wp-image-9695 alignleft\" src=\"https:\/\/i0.wp.com\/wp.ufpel.edu.br\/ppgs\/files\/2025\/02\/Pesquisa-Perfil-Egressos-PPGS-UFPEL_page-0001.jpg?resize=400%2C400&#038;ssl=1\" alt=\"\" width=\"400\" height=\"400\" srcset=\"https:\/\/i0.wp.com\/wp.ufpel.edu.br\/ppgs\/files\/2025\/02\/Pesquisa-Perfil-Egressos-PPGS-UFPEL_page-0001.jpg?resize=400%2C400&amp;ssl=1 400w, https:\/\/i0.wp.com\/wp.ufpel.edu.br\/ppgs\/files\/2025\/02\/Pesquisa-Perfil-Egressos-PPGS-UFPEL_page-0001.jpg?resize=1024%2C1024&amp;ssl=1 1024w, https:\/\/i0.wp.com\/wp.ufpel.edu.br\/ppgs\/files\/2025\/02\/Pesquisa-Perfil-Egressos-PPGS-UFPEL_page-0001.jpg?resize=200%2C200&amp;ssl=1 200w, https:\/\/i0.wp.com\/wp.ufpel.edu.br\/ppgs\/files\/2025\/02\/Pesquisa-Perfil-Egressos-PPGS-UFPEL_page-0001.jpg?resize=768%2C768&amp;ssl=1 768w, https:\/\/i0.wp.com\/wp.ufpel.edu.br\/ppgs\/files\/2025\/02\/Pesquisa-Perfil-Egressos-PPGS-UFPEL_page-0001.jpg?resize=1536%2C1536&amp;ssl=1 1536w, https:\/\/i0.wp.com\/wp.ufpel.edu.br\/ppgs\/files\/2025\/02\/Pesquisa-Perfil-Egressos-PPGS-UFPEL_page-0001.jpg?w=1688&amp;ssl=1 1688w\" sizes=\"(max-width: 400px) 100vw, 400px\" \/><\/a><\/p>\n<p>O Programa de P\u00f3s-Gradua\u00e7\u00e3o em Sociologia da UFPEL deseja conhecer o destino de seus egressos, sua atua\u00e7\u00e3o profissional e avalia\u00e7\u00e3o em rela\u00e7\u00e3o \u00e0 forma\u00e7\u00e3o recebida. Esse acompanhamento \u00e9 \u00a0muito importante para aprimorarmos o curso e a forma\u00e7\u00e3o oferecida. Tamb\u00e9m utilizaremos os dados para o Relat\u00f3rio Sucupira, a ser enviado para a Capes.<\/p>\n<p>Independente do seu ano de ingresso, solicitamos que respondam e divulguem entre seus ex-colegas. Ao final do question\u00e1rio encontra-se o levantamento da sua Produ\u00e7\u00e3o acad\u00eamica. Caso tenha publicado, ap\u00f3s a conclus\u00e3o do mestrado\/doutorado, por favor responda tamb\u00e9m. Sua colabora\u00e7\u00e3o \u00e9 fundamental. \u00a0Obrigada!<\/p>\n<p><strong>O question\u00e1rio ficar\u00e1 aberto entre os dias 19\/02\/2024 a 09\/03\/2024<\/strong><\/p>\n<p>Link:\u00a0<a href=\"https:\/\/forms.gle\/wZu3btGuEzgadS129\" target=\"_blank\" rel=\"noopener\" data-saferedirecturl=\"https:\/\/www.google.com\/url?q=https:\/\/forms.gle\/wZu3btGuEzgadS129&amp;source=gmail&amp;ust=1740259248085000&amp;usg=AOvVaw1YfLDK7nARcwe2OjgSYGvm\">https:\/\/forms.gle\/<wbr \/>wZu3btGuEzgadS129<\/a><\/p>\n<p>&nbsp;<\/p>\n<p>&nbsp;<\/p>\n","protected":false},"excerpt":{"rendered":"<p>O Programa de P\u00f3s-Gradua\u00e7\u00e3o em Sociologia da UFPEL deseja conhecer o destino de seus egressos, sua atua\u00e7\u00e3o profissional e avalia\u00e7\u00e3o em rela\u00e7\u00e3o \u00e0 forma\u00e7\u00e3o recebida. Esse acompanhamento \u00e9 \u00a0muito importante para aprimorarmos o curso e a forma\u00e7\u00e3o oferecida. Tamb\u00e9m utilizaremos os dados para o Relat\u00f3rio Sucupira, a ser enviado para a Capes. Independente do seu [&hellip;]<\/p>\n","protected":false},"author":396,"featured_media":0,"comment_status":"closed","ping_status":"closed","sticky":false,"template":"","format":"standard","meta":{"jetpack_post_was_ever_published":false,"_jetpack_newsletter_access":"","_jetpack_dont_email_post_to_subs":false,"_jetpack_newsletter_tier_id":0,"_jetpack_memberships_contains_paywalled_content":false,"_jetpack_memberships_contains_paid_content":false,"footnotes":"","jetpack_publicize_message":"","jetpack_publicize_feature_enabled":true,"jetpack_social_post_already_shared":true,"jetpack_social_options":{"image_generator_settings":{"template":"highway","default_image_id":0,"font":"","enabled":false},"version":2}},"categories":[73191],"tags":[],"class_list":["post-9687","post","type-post","status-publish","format-standard","hentry","category-noticias"],"jetpack_publicize_connections":[],"jetpack_featured_media_url":"","jetpack_sharing_enabled":true,"jetpack_shortlink":"https:\/\/wp.me\/p9dZ0f-2wf","jetpack_likes_enabled":true,"jetpack-related-posts":[],"_links":{"self":[{"href":"https:\/\/wp.ufpel.edu.br\/ppgs\/wp-json\/wp\/v2\/posts\/9687","targetHints":{"allow":["GET"]}}],"collection":[{"href":"https:\/\/wp.ufpel.edu.br\/ppgs\/wp-json\/wp\/v2\/posts"}],"about":[{"href":"https:\/\/wp.ufpel.edu.br\/ppgs\/wp-json\/wp\/v2\/types\/post"}],"author":[{"embeddable":true,"href":"https:\/\/wp.ufpel.edu.br\/ppgs\/wp-json\/wp\/v2\/users\/396"}],"replies":[{"embeddable":true,"href":"https:\/\/wp.ufpel.edu.br\/ppgs\/wp-json\/wp\/v2\/comments?post=9687"}],"version-history":[{"count":5,"href":"https:\/\/wp.ufpel.edu.br\/ppgs\/wp-json\/wp\/v2\/posts\/9687\/revisions"}],"predecessor-version":[{"id":9699,"href":"https:\/\/wp.ufpel.edu.br\/ppgs\/wp-json\/wp\/v2\/posts\/9687\/revisions\/9699"}],"wp:attachment":[{"href":"https:\/\/wp.ufpel.edu.br\/ppgs\/wp-json\/wp\/v2\/media?parent=9687"}],"wp:term":[{"taxonomy":"category","embeddable":true,"href":"https:\/\/wp.ufpel.edu.br\/ppgs\/wp-json\/wp\/v2\/categories?post=9687"},{"taxonomy":"post_tag","embeddable":true,"href":"https:\/\/wp.ufpel.edu.br\/ppgs\/wp-json\/wp\/v2\/tags?post=9687"}],"curies":[{"name":"wp","href":"https:\/\/api.w.org\/{rel}","templated":true}]}}