{"id":9519,"date":"2025-01-31T19:11:46","date_gmt":"2025-01-31T22:11:46","guid":{"rendered":"https:\/\/wp.ufpel.edu.br\/ppgs\/?p=9519"},"modified":"2025-02-11T20:16:23","modified_gmt":"2025-02-11T23:16:23","slug":"calendario-academico-2025-1","status":"publish","type":"post","link":"https:\/\/wp.ufpel.edu.br\/ppgs\/2025\/01\/31\/calendario-academico-2025-1\/","title":{"rendered":"Calendario Acad\u00e9mico 2025\/1"},"content":{"rendered":"<h3><strong>Inicio de Clases y Recepci\u00f3n<\/strong><\/h3>\n<p>&#x1f4c5; <strong>Fecha de inicio<\/strong>: Las clases del semestre 1\/2025 comenzar\u00e1n el <strong>10 de marzo de 2025<\/strong>.<\/p>\n<p>&#x1f389; <strong>Reuni\u00f3n de bienvenida<\/strong>: El primer d\u00eda de clases, tendremos un encuentro especial para dar la bienvenida a nuestros estudiantes, tanto de Maestr\u00eda como de Doctorado.<\/p>\n<ul>\n<li><strong>9:00 h<\/strong>: Reuni\u00f3n con la Coordinaci\u00f3n del PPGS.<\/li>\n<li><strong>10:00 h<\/strong>: Reuni\u00f3n de presentaci\u00f3n de los estudiantes y docentes.<\/li>\n<\/ul>\n<h3><strong>Estructura del Semestre<\/strong><\/h3>\n<p>&#x1f4d6; El semestre se dividir\u00e1 en dos partes:<\/p>\n<ol>\n<li><strong>Del 10 de marzo al 28 de marzo de 2025.<\/strong><\/li>\n<li><strong>Del 22 de abril al 20 de junio de 2025.<\/strong><\/li>\n<\/ol>\n<p>&#x1f6d1; <strong>Receso acad\u00e9mico<\/strong>: Entre el <strong>29 de marzo y el 21 de abril de 2025<\/strong>.<\/p>\n<h3><strong>Fechas Importantes para Estudiantes Regulares<\/strong><\/h3>\n<p>&#x1f517; <strong>Matr\u00edcula<\/strong>:<\/p>\n<ul>\n<li>Estudiantes regulares ya matriculados (Maestr\u00eda 2024, Doctorado 2022\/2023\/2024): <strong>5 de marzo de 2025 (hasta las 17h)<\/strong>.<\/li>\n<li>Ingresantes 2025:\n<ul>\n<li>Maestr\u00eda: <strong>6 de marzo de 2025 (hasta las 17h)<\/strong>.<\/li>\n<li>Doctorado: <strong>6 de marzo de 2025 (hasta las 17h)<\/strong>.<\/li>\n<\/ul>\n<\/li>\n<\/ul>\n<p>&#x1f4e9; <strong>C\u00f3mo realizar la matr\u00edcula<\/strong>:<\/p>\n<ol>\n<li>Acceda al sistema COBALTO con su cuenta personal.<\/li>\n<li>En el men\u00fa, haga clic en <strong>Estudiante &gt; Registro &gt; Solicitud de matr\u00edcula posgrado<\/strong>.<\/li>\n<li>Seleccione las asignaturas disponibles y env\u00ede su elecci\u00f3n.<\/li>\n<\/ol>\n<p>&#x26a0;&#xfe0f; <strong>Recuerde<\/strong>:<\/p>\n<ul>\n<li>Su director\/a de tesis debe conocer las asignaturas seleccionadas.<\/li>\n<li>Si no va a cursar asignaturas, env\u00ede un correo a <strong><a rel=\"noopener\">ppgs@ufpel.edu.br<\/a><\/strong> informando la matr\u00edcula en la actividad de elaboraci\u00f3n de disertaci\u00f3n o tesis.<\/li>\n<\/ul>\n<hr \/>\n<h3><strong>Asignaturas y Pr\u00e1ctica Docente<\/strong><\/h3>\n<p>&#x1f4da; <strong>Asignaturas obligatorias para ingresantes 2025 (Maestr\u00eda)<\/strong>:<\/p>\n<ul>\n<li><strong>Teor\u00eda Sociol\u00f3gica I<\/strong>: Martes, 14h, Prof. Attila Barbosa.<\/li>\n<li><strong>Metodolog\u00eda de la Investigaci\u00f3n Sociol\u00f3gica<\/strong>: Lunes, 14h, Prof. William Soto.<\/li>\n<\/ul>\n<p>&#x1f4da; <strong>Asignaturas optativas (Maestr\u00eda y Doctorado)<\/strong>:<\/p>\n<ul>\n<li><strong>Investigaci\u00f3n en Ciencias Sociales con Software Cuantitativo<\/strong>: Mi\u00e9rcoles, 14h, Prof. Rodrigo Cantu.<\/li>\n<li><strong>Seminario Avanzado I<\/strong>: Mi\u00e9rcoles, 8h30, Prof. L\u00e9o Peixoto.<\/li>\n<li><strong>T\u00f3picos en Sociolog\u00eda de la Moral<\/strong>: Mi\u00e9rcoles, 17h30, Profas. Elaine Silveira Leite y Marciele Vasconcellos.<\/li>\n<li><strong>Enfoques sobre Violencia, Crimen y Pol\u00edtica en Am\u00e9rica Latina<\/strong>: Viernes, 14h, Profa. Simone Gomes.<\/li>\n<\/ul>\n<p>&#x1f4bc; <strong>Pr\u00e1ctica docente<\/strong>:<\/p>\n<ul>\n<li>Los estudiantes interesados deben enviar un correo a <strong><a rel=\"noopener\">ppgs@ufpel.edu.br<\/a><\/strong> entre el <strong>5 y 6 de marzo de 2025 (hasta las 17h)<\/strong> indicando:\n<ul>\n<li>La asignatura, d\u00eda y horario de la pr\u00e1ctica.<\/li>\n<li>Otras asignaturas en las que desea inscribirse.<\/li>\n<\/ul>\n<\/li>\n<\/ul>\n<hr \/>\n<h3><strong>Para Estudiantes Especiales<\/strong><\/h3>\n<p>&#x1f393; <strong>Inscripci\u00f3n para estudiantes especiales<\/strong>: Del <strong>20 de enero al 20 de febrero de 2025<\/strong>.<br \/>\n&#x1f4dd; <strong>Publicaci\u00f3n de aceptados<\/strong>: A partir del <strong>25 de febrero de 2025<\/strong>.<br \/>\n&#x1f4bb; <strong>Matr\u00edcula virtual<\/strong>: <strong>7 de marzo de 2025 (hasta las 17h)<\/strong>.<\/p>\n<p>Las asignaturas optativas tambi\u00e9n est\u00e1n disponibles para estudiantes especiales. Para informaci\u00f3n detallada, acceda al<br \/>\n<a href=\"https:\/\/wp.ufpel.edu.br\/ppgs\/2025\/01\/08\/publicacao-de-edital-de-aluno-especial-01-2025\/\">edicto correspondiente<\/a>.<\/p>\n<hr \/>\n<p><strong>LINK:<\/strong><\/p>\n<p>&#x1f517; <a href=\"https:\/\/wp.ufpel.edu.br\/ppgs\/files\/2025\/01\/Calendario-academico-2025-Definitivo.pdf\">Calendario acad\u00e9mico 2025<\/a>.<\/p>\n","protected":false},"excerpt":{"rendered":"<p>Inicio de Clases y Recepci\u00f3n &#x1f4c5; Fecha de inicio: Las clases del semestre 1\/2025 comenzar\u00e1n el 10 de marzo de 2025. &#x1f389; Reuni\u00f3n de bienvenida: El primer d\u00eda de clases, tendremos un encuentro especial para dar la bienvenida a nuestros estudiantes, tanto de Maestr\u00eda como de Doctorado. 9:00 h: Reuni\u00f3n con la Coordinaci\u00f3n del PPGS. [&hellip;]<\/p>\n","protected":false},"author":396,"featured_media":0,"comment_status":"closed","ping_status":"closed","sticky":false,"template":"","format":"standard","meta":{"jetpack_post_was_ever_published":false,"_jetpack_newsletter_access":"","_jetpack_dont_email_post_to_subs":false,"_jetpack_newsletter_tier_id":0,"_jetpack_memberships_contains_paywalled_content":false,"_jetpack_memberships_contains_paid_content":false,"footnotes":"","jetpack_publicize_message":"","jetpack_publicize_feature_enabled":true,"jetpack_social_post_already_shared":true,"jetpack_social_options":{"image_generator_settings":{"template":"highway","default_image_id":0,"font":"","enabled":false},"version":2}},"categories":[73189],"tags":[],"class_list":["post-9519","post","type-post","status-publish","format-standard","hentry","category-calendario-academico"],"jetpack_publicize_connections":[],"jetpack_featured_media_url":"","jetpack_sharing_enabled":true,"jetpack_shortlink":"https:\/\/wp.me\/p9dZ0f-2tx","jetpack_likes_enabled":true,"jetpack-related-posts":[],"_links":{"self":[{"href":"https:\/\/wp.ufpel.edu.br\/ppgs\/wp-json\/wp\/v2\/posts\/9519","targetHints":{"allow":["GET"]}}],"collection":[{"href":"https:\/\/wp.ufpel.edu.br\/ppgs\/wp-json\/wp\/v2\/posts"}],"about":[{"href":"https:\/\/wp.ufpel.edu.br\/ppgs\/wp-json\/wp\/v2\/types\/post"}],"author":[{"embeddable":true,"href":"https:\/\/wp.ufpel.edu.br\/ppgs\/wp-json\/wp\/v2\/users\/396"}],"replies":[{"embeddable":true,"href":"https:\/\/wp.ufpel.edu.br\/ppgs\/wp-json\/wp\/v2\/comments?post=9519"}],"version-history":[{"count":4,"href":"https:\/\/wp.ufpel.edu.br\/ppgs\/wp-json\/wp\/v2\/posts\/9519\/revisions"}],"predecessor-version":[{"id":9616,"href":"https:\/\/wp.ufpel.edu.br\/ppgs\/wp-json\/wp\/v2\/posts\/9519\/revisions\/9616"}],"wp:attachment":[{"href":"https:\/\/wp.ufpel.edu.br\/ppgs\/wp-json\/wp\/v2\/media?parent=9519"}],"wp:term":[{"taxonomy":"category","embeddable":true,"href":"https:\/\/wp.ufpel.edu.br\/ppgs\/wp-json\/wp\/v2\/categories?post=9519"},{"taxonomy":"post_tag","embeddable":true,"href":"https:\/\/wp.ufpel.edu.br\/ppgs\/wp-json\/wp\/v2\/tags?post=9519"}],"curies":[{"name":"wp","href":"https:\/\/api.w.org\/{rel}","templated":true}]}}