{"id":9510,"date":"2025-01-31T19:01:25","date_gmt":"2025-01-31T22:01:25","guid":{"rendered":"https:\/\/wp.ufpel.edu.br\/ppgs\/?p=9510"},"modified":"2026-04-20T12:21:05","modified_gmt":"2026-04-20T15:21:05","slug":"proceso-selectivo-doctorado-en-sociologia-2025","status":"publish","type":"post","link":"https:\/\/wp.ufpel.edu.br\/ppgs\/2025\/01\/31\/proceso-selectivo-doctorado-en-sociologia-2025\/","title":{"rendered":"Proceso selectivo Doctorado en Sociolog\u00eda 2025"},"content":{"rendered":"<p>\n  <strong>El Programa de Posgrado en Sociolog\u00eda (PPGS) de la Universidad Federal de Pelotas (UFPel)<\/strong> abre inscripciones el pr\u00f3ximo lunes, 20 de enero de 2025, para el proceso selectivo del <strong>Doctorado en Sociolog\u00eda 2025<\/strong>.\n<\/p>\n<p>\n  Acceda al Edicto (Convocatoria):<br \/>\n  <a href=\"https:\/\/wp.ufpel.edu.br\/ppgs\/files\/2025\/01\/SEI_2919131_Edital_de_selecao_PRPPG_9.pdf\">SEI_2919131_Edital_de_selecao_PRPPG_9<\/a>\n<\/p>\n<h3>\u00bfQui\u00e9n puede participar?<\/h3>\n<p>Pueden inscribirse:<\/p>\n<ul>\n<li>Personas que posean t\u00edtulo de Maestr\u00eda Stricto Sensu, brasile\u00f1os o extranjeros de cualquier nacionalidad.<\/li>\n<li>Candidatos con declaraci\u00f3n de posible egresado de la Maestr\u00eda, firmada por el\/la coordinador\/a del programa de origen, que indique la fecha prevista de conclusi\u00f3n.<\/li>\n<\/ul>\n<p>\n  &#x26a0;&#xfe0f; <strong>Importante:<\/strong> La no presentaci\u00f3n del diploma o documento equivalente en el momento de la matr\u00edcula impedir\u00e1 el ingreso al curso.\n<\/p>\n<p>\n  <strong>\u00bfC\u00f3mo inscribirse?<\/strong><br \/>\n  &#x1f5d3; <strong>Per\u00edodo de inscripciones:<\/strong> Del 20 de enero al 12 de febrero de 2025, hasta las 18h (horario de Brasilia).<br \/>\n  &#x1f310; <strong>Inscripci\u00f3n en l\u00ednea:<\/strong> Complete el formulario disponible <em>aqu\u00ed<\/em>.\n<\/p>\n<p>\n  &#x1f4cb; <strong>Documentos obligatorios:<\/strong>\n<\/p>\n<ul>\n<li>T\u00edtulo de Grado y de Maestr\u00eda (o declaraci\u00f3n de posible egresado).<\/li>\n<li>Historial Acad\u00e9mico del Curso de Maestr\u00eda.<\/li>\n<li>Copias de la documentaci\u00f3n personal (RG, CPF, T\u00edtulo de Elector, Certificado de Reservista \u2013 para brasile\u00f1os \u2013 o pasaporte v\u00e1lido \u2013 para extranjeros).<\/li>\n<li>Proyecto de Investigaci\u00f3n con estructura y formato detallados en el edicto.<\/li>\n<li>Curr\u00edculo Lattes documentado en un \u00fanico PDF.<\/li>\n<li>Comprobante de pago de la tasa de inscripci\u00f3n (R$ 150,00) o documento de exenci\u00f3n.<\/li>\n<\/ul>\n<h3>Etapas del Proceso Selectivo<\/h3>\n<p>El proceso se realizar\u00e1 en tres fases, todas en l\u00ednea:<\/p>\n<ol>\n<li>\n    <strong>An\u00e1lisis del Proyecto de Investigaci\u00f3n<\/strong> (Fase 1 \u2013 eliminatoria y clasificatoria):<br \/>\n    &#x1f4c5; Per\u00edodo: del 13 al 17 de febrero de 2025.<br \/>\n    &#x1f4e2; Resultado: 17 de febrero de 2025 (despu\u00e9s de las 18h).\n  <\/li>\n<li>\n    <strong>Defensa del Proyecto de Investigaci\u00f3n<\/strong> (Fase 2 \u2013 remota):<br \/>\n    &#x1f4c5; Per\u00edodo: 21 y 22 de febrero de 2025.<br \/>\n    &#x1f4e2; Resultado: 22 de febrero de 2025 (despu\u00e9s de las 20h).\n  <\/li>\n<li>\n    <strong>An\u00e1lisis del Curr\u00edculo Lattes<\/strong> (Fase 3 \u2013 clasificatoria):<br \/>\n    &#x1f4c5; Fecha: 26 de febrero de 2025.<br \/>\n    &#x1f4e2; Resultado: 26 de febrero de 2025 (despu\u00e9s de las 18h).\n  <\/li>\n<\/ol>\n<p>\n  &#x1f4dc; <strong>Resultado Final Preliminar:<\/strong> 27 de febrero de 2025 (despu\u00e9s de las 18h).<br \/>\n  <strong>&#x1f4dc; Resultado Final:<\/strong> 3 de marzo de 2025.\n<\/p>\n<h3>Vacantes Disponibles<\/h3>\n<p>El edicto prev\u00e9 un total de 10 vacantes, distribuidas de la siguiente manera:<\/p>\n<ul>\n<li>Ampla concorrencia (categor\u00eda general): 5 vacantes.<\/li>\n<li>Acciones afirmativas:\n<ul>\n<li>3 vacantes para personas negras, quilombolas, ind\u00edgenas o con discapacidad.<\/li>\n<li>1 vacante para personas travestis o transexuales.<\/li>\n<li>1 vacante para servidores de la UFPel.<\/li>\n<\/ul>\n<\/li>\n<\/ul>\n<p>\n  <strong>M\u00e1s informaci\u00f3n<\/strong><br \/>\n  &#x1f4da; Consulte el edicto completo en el sitio del PPGS: Haga clic<br \/>\n  <a href=\"https:\/\/wp.ufpel.edu.br\/ppgs\/files\/2025\/01\/SEI_2919131_Edital_de_selecao_PRPPG_9.pdf\">aqu\u00ed<\/a>.<br \/>\n  &#x1f4e7; \u00bfDudas? Cont\u00e1ctenos al correo electr\u00f3nico: ppgs@ufpel.edu.br.\n<\/p>\n<p>\n  \u00a1Participe y d\u00e9 el siguiente paso en su trayectoria acad\u00e9mica con el PPGS UFPel!\n<\/p>\n<p>\n  &#x1f4c4;<br \/>\n  <a href=\"https:\/\/wp.ufpel.edu.br\/ppgs\/files\/2025\/01\/SEI_2919131_Edital_de_selecao_PRPPG_9.pdf\"><br \/>\n    Edicto de selecci\u00f3n para Doctorado 2025<br \/>\n  <\/a>\n<\/p>\n<p>\n  &#x1f4c4;<br \/>\n  <a href=\"https:\/\/wp.ufpel.edu.br\/ppgs\/files\/2025\/01\/Anexo-1-doutorado-2025.xlsx\"><br \/>\n    Anexo 01 Doctorado 2025<br \/>\n  <\/a><\/p>\n","protected":false},"excerpt":{"rendered":"<p>El Programa de Posgrado en Sociolog\u00eda (PPGS) de la Universidad Federal de Pelotas (UFPel) abre inscripciones el pr\u00f3ximo lunes, 20 de enero de 2025, para el proceso selectivo del Doctorado en Sociolog\u00eda 2025. Acceda al Edicto (Convocatoria): SEI_2919131_Edital_de_selecao_PRPPG_9 \u00bfQui\u00e9n puede participar? Pueden inscribirse: Personas que posean t\u00edtulo de Maestr\u00eda Stricto Sensu, brasile\u00f1os o extranjeros de [&hellip;]<\/p>\n","protected":false},"author":396,"featured_media":0,"comment_status":"closed","ping_status":"closed","sticky":false,"template":"","format":"standard","meta":{"jetpack_post_was_ever_published":false,"_jetpack_newsletter_access":"","_jetpack_dont_email_post_to_subs":false,"_jetpack_newsletter_tier_id":0,"_jetpack_memberships_contains_paywalled_content":false,"_jetpack_memberships_contains_paid_content":false,"footnotes":"","jetpack_publicize_message":"","jetpack_publicize_feature_enabled":true,"jetpack_social_post_already_shared":true,"jetpack_social_options":{"image_generator_settings":{"template":"highway","default_image_id":0,"font":"","enabled":false},"version":2}},"categories":[73173],"tags":[],"class_list":["post-9510","post","type-post","status-publish","format-standard","hentry","category-editais"],"jetpack_publicize_connections":[],"jetpack_featured_media_url":"","jetpack_sharing_enabled":true,"jetpack_shortlink":"https:\/\/wp.me\/p9dZ0f-2to","jetpack_likes_enabled":true,"jetpack-related-posts":[],"_links":{"self":[{"href":"https:\/\/wp.ufpel.edu.br\/ppgs\/wp-json\/wp\/v2\/posts\/9510","targetHints":{"allow":["GET"]}}],"collection":[{"href":"https:\/\/wp.ufpel.edu.br\/ppgs\/wp-json\/wp\/v2\/posts"}],"about":[{"href":"https:\/\/wp.ufpel.edu.br\/ppgs\/wp-json\/wp\/v2\/types\/post"}],"author":[{"embeddable":true,"href":"https:\/\/wp.ufpel.edu.br\/ppgs\/wp-json\/wp\/v2\/users\/396"}],"replies":[{"embeddable":true,"href":"https:\/\/wp.ufpel.edu.br\/ppgs\/wp-json\/wp\/v2\/comments?post=9510"}],"version-history":[{"count":1,"href":"https:\/\/wp.ufpel.edu.br\/ppgs\/wp-json\/wp\/v2\/posts\/9510\/revisions"}],"predecessor-version":[{"id":9511,"href":"https:\/\/wp.ufpel.edu.br\/ppgs\/wp-json\/wp\/v2\/posts\/9510\/revisions\/9511"}],"wp:attachment":[{"href":"https:\/\/wp.ufpel.edu.br\/ppgs\/wp-json\/wp\/v2\/media?parent=9510"}],"wp:term":[{"taxonomy":"category","embeddable":true,"href":"https:\/\/wp.ufpel.edu.br\/ppgs\/wp-json\/wp\/v2\/categories?post=9510"},{"taxonomy":"post_tag","embeddable":true,"href":"https:\/\/wp.ufpel.edu.br\/ppgs\/wp-json\/wp\/v2\/tags?post=9510"}],"curies":[{"name":"wp","href":"https:\/\/api.w.org\/{rel}","templated":true}]}}