{"id":9201,"date":"2024-12-03T19:54:48","date_gmt":"2024-12-03T22:54:48","guid":{"rendered":"https:\/\/wp.ufpel.edu.br\/ppgs\/?p=9201"},"modified":"2026-04-20T11:59:20","modified_gmt":"2026-04-20T14:59:20","slug":"edital-de-selecao-de-bolsista-institucional-de-pos-doutorado-pipd-capes","status":"publish","type":"post","link":"https:\/\/wp.ufpel.edu.br\/ppgs\/2024\/12\/03\/edital-de-selecao-de-bolsista-institucional-de-pos-doutorado-pipd-capes\/","title":{"rendered":"Retifica\u00e7\u00f5es do edital de Sele\u00e7\u00e3o de Bolsista Institucional de P\u00f3s-Doutorado &#8211; PIPD\/CAPES"},"content":{"rendered":"<p>O PPGS torna p\u00fablico as <strong>retifica\u00e7\u00f5es<\/strong> do <strong>Edital de Sele\u00e7\u00e3o de Bolsista de P\u00f3s-Doutorado<\/strong>, para realizac\u0327a\u0303o de esta\u0301gio po\u0301s-doutoral no a\u0302mbito do Programa. As inscri\u00e7\u00f5es est\u00e3o abertas entre os dias <strong>25\/11 a 04\/12 de 2024<\/strong>. Os requisitos para concorrer a vaga encontram-se dispon\u00edveis no edital, assim como as demais especifica\u00e7\u00f5es da sele\u00e7\u00e3o.<\/p>\n<p>O <strong>edital<\/strong> est\u00e1 dispon\u00edvel no <strong>link abaixo<\/strong>:<\/p>\n<p><a href=\"https:\/\/wp.ufpel.edu.br\/ppgs\/files\/2024\/11\/Edital-de-Selecao-PIPD-Capes-PPGS.pdf\">Edital de Sele\u00e7\u00e3o PIPD-Capes-PPGS<\/a><\/p>\n<p>As<strong> retifica\u00e7\u00f5es<\/strong>\u00a0dos crit\u00e9rios de avalia\u00e7\u00e3o da sele\u00e7\u00e3o est\u00e3o dispon\u00edveis nos <strong>links abaixo<\/strong>:<\/p>\n<p><a href=\"https:\/\/wp.ufpel.edu.br\/ppgs\/files\/2024\/12\/Retificacao-PIPD-01.pdf\">Retifica\u00e7\u00e3o PIPD 01<\/a><\/p>\n<p><a href=\"https:\/\/wp.ufpel.edu.br\/ppgs\/files\/2024\/12\/Retificacao-PIPD-02.pdf\">Retifica\u00e7\u00e3o PIPD 02<\/a><\/p>\n","protected":false},"excerpt":{"rendered":"<p>O PPGS torna p\u00fablico as retifica\u00e7\u00f5es do Edital de Sele\u00e7\u00e3o de Bolsista de P\u00f3s-Doutorado, para realizac\u0327a\u0303o de esta\u0301gio po\u0301s-doutoral no a\u0302mbito do Programa. As inscri\u00e7\u00f5es est\u00e3o abertas entre os dias 25\/11 a 04\/12 de 2024. Os requisitos para concorrer a vaga encontram-se dispon\u00edveis no edital, assim como as demais especifica\u00e7\u00f5es da sele\u00e7\u00e3o. O edital est\u00e1 [&hellip;]<\/p>\n","protected":false},"author":1487,"featured_media":0,"comment_status":"closed","ping_status":"closed","sticky":false,"template":"","format":"standard","meta":{"jetpack_post_was_ever_published":false,"_jetpack_newsletter_access":"","_jetpack_dont_email_post_to_subs":false,"_jetpack_newsletter_tier_id":0,"_jetpack_memberships_contains_paywalled_content":false,"_jetpack_memberships_contains_paid_content":false,"footnotes":"","jetpack_publicize_message":"","jetpack_publicize_feature_enabled":true,"jetpack_social_post_already_shared":true,"jetpack_social_options":{"image_generator_settings":{"template":"highway","default_image_id":0,"font":"","enabled":false},"version":2}},"categories":[73173],"tags":[],"class_list":["post-9201","post","type-post","status-publish","format-standard","hentry","category-editais"],"jetpack_publicize_connections":[],"jetpack_featured_media_url":"","jetpack_sharing_enabled":true,"jetpack_shortlink":"https:\/\/wp.me\/p9dZ0f-2op","jetpack_likes_enabled":true,"jetpack-related-posts":[],"_links":{"self":[{"href":"https:\/\/wp.ufpel.edu.br\/ppgs\/wp-json\/wp\/v2\/posts\/9201","targetHints":{"allow":["GET"]}}],"collection":[{"href":"https:\/\/wp.ufpel.edu.br\/ppgs\/wp-json\/wp\/v2\/posts"}],"about":[{"href":"https:\/\/wp.ufpel.edu.br\/ppgs\/wp-json\/wp\/v2\/types\/post"}],"author":[{"embeddable":true,"href":"https:\/\/wp.ufpel.edu.br\/ppgs\/wp-json\/wp\/v2\/users\/1487"}],"replies":[{"embeddable":true,"href":"https:\/\/wp.ufpel.edu.br\/ppgs\/wp-json\/wp\/v2\/comments?post=9201"}],"version-history":[{"count":11,"href":"https:\/\/wp.ufpel.edu.br\/ppgs\/wp-json\/wp\/v2\/posts\/9201\/revisions"}],"predecessor-version":[{"id":9410,"href":"https:\/\/wp.ufpel.edu.br\/ppgs\/wp-json\/wp\/v2\/posts\/9201\/revisions\/9410"}],"wp:attachment":[{"href":"https:\/\/wp.ufpel.edu.br\/ppgs\/wp-json\/wp\/v2\/media?parent=9201"}],"wp:term":[{"taxonomy":"category","embeddable":true,"href":"https:\/\/wp.ufpel.edu.br\/ppgs\/wp-json\/wp\/v2\/categories?post=9201"},{"taxonomy":"post_tag","embeddable":true,"href":"https:\/\/wp.ufpel.edu.br\/ppgs\/wp-json\/wp\/v2\/tags?post=9201"}],"curies":[{"name":"wp","href":"https:\/\/api.w.org\/{rel}","templated":true}]}}