{"id":8756,"date":"2024-08-28T10:59:25","date_gmt":"2024-08-28T13:59:25","guid":{"rendered":"https:\/\/wp.ufpel.edu.br\/ppgs\/?p=8756"},"modified":"2026-04-20T12:37:30","modified_gmt":"2026-04-20T15:37:30","slug":"divulgacao-de-abertura-da-chamada-de-trabalhos-para-a-revista-perspectivas-sociais","status":"publish","type":"post","link":"https:\/\/wp.ufpel.edu.br\/ppgs\/2024\/08\/28\/divulgacao-de-abertura-da-chamada-de-trabalhos-para-a-revista-perspectivas-sociais\/","title":{"rendered":"Divulga\u00e7\u00e3o de abertura da chamada de trabalhos para a Revista Perspectivas Sociais"},"content":{"rendered":"<p><a href=\"https:\/\/i0.wp.com\/wp.ufpel.edu.br\/ppgs\/files\/2024\/08\/WhatsApp-Image-2024-08-27-at-11.47.44.jpeg?ssl=1\"><img data-recalc-dims=\"1\" data-attachment-id=\"8757\" data-permalink=\"https:\/\/wp.ufpel.edu.br\/ppgs\/2024\/08\/28\/divulgacao-de-abertura-da-chamada-de-trabalhos-para-a-revista-perspectivas-sociais\/whatsapp-image-2024-08-27-at-11-47-44\/\" data-orig-file=\"https:\/\/i0.wp.com\/wp.ufpel.edu.br\/ppgs\/files\/2024\/08\/WhatsApp-Image-2024-08-27-at-11.47.44.jpeg?fit=940%2C788&amp;ssl=1\" data-orig-size=\"940,788\" data-comments-opened=\"0\" data-image-meta=\"{&quot;aperture&quot;:&quot;0&quot;,&quot;credit&quot;:&quot;&quot;,&quot;camera&quot;:&quot;&quot;,&quot;caption&quot;:&quot;&quot;,&quot;created_timestamp&quot;:&quot;0&quot;,&quot;copyright&quot;:&quot;&quot;,&quot;focal_length&quot;:&quot;0&quot;,&quot;iso&quot;:&quot;0&quot;,&quot;shutter_speed&quot;:&quot;0&quot;,&quot;title&quot;:&quot;&quot;,&quot;orientation&quot;:&quot;0&quot;}\" data-image-title=\"WhatsApp Image 2024-08-27 at 11.47.44\" data-image-description=\"\" data-image-caption=\"\" data-medium-file=\"https:\/\/i0.wp.com\/wp.ufpel.edu.br\/ppgs\/files\/2024\/08\/WhatsApp-Image-2024-08-27-at-11.47.44.jpeg?fit=400%2C335&amp;ssl=1\" data-large-file=\"https:\/\/i0.wp.com\/wp.ufpel.edu.br\/ppgs\/files\/2024\/08\/WhatsApp-Image-2024-08-27-at-11.47.44.jpeg?fit=940%2C788&amp;ssl=1\" class=\"wp-image-8757 aligncenter\" src=\"https:\/\/i0.wp.com\/wp.ufpel.edu.br\/ppgs\/files\/2024\/08\/WhatsApp-Image-2024-08-27-at-11.47.44.jpeg?resize=647%2C542&#038;ssl=1\" alt=\"\" width=\"647\" height=\"542\" srcset=\"https:\/\/i0.wp.com\/wp.ufpel.edu.br\/ppgs\/files\/2024\/08\/WhatsApp-Image-2024-08-27-at-11.47.44.jpeg?resize=400%2C335&amp;ssl=1 400w, https:\/\/i0.wp.com\/wp.ufpel.edu.br\/ppgs\/files\/2024\/08\/WhatsApp-Image-2024-08-27-at-11.47.44.jpeg?resize=768%2C644&amp;ssl=1 768w, https:\/\/i0.wp.com\/wp.ufpel.edu.br\/ppgs\/files\/2024\/08\/WhatsApp-Image-2024-08-27-at-11.47.44.jpeg?w=940&amp;ssl=1 940w\" sizes=\"(max-width: 647px) 100vw, 647px\" \/><\/a>A Revista Perspectivas Sociais, ISSN: 2317-7438, informa que est\u00e1 recebendo textos acad\u00eamicos at\u00e9 o dia 15 de setembro de 2024, para compor a segunda edi\u00e7\u00e3o deste ano, com publica\u00e7\u00e3o prevista para Dezembro. A revista recebe trabalhos vinculados \u00e0 \u00e1rea das Ci\u00eancias Sociais e afins.<\/p>\n<p>Para a submiss\u00e3o dos trabalhos, a titula\u00e7\u00e3o m\u00ednima \u00e9 de mestrando\/a (graduados\/as e graduandos\/as podem submeter trabalhos, desde que em coautoria).<\/p>\n<p>As normas para os escritos, e o template que \u00e9 obrigat\u00f3rio, podem ser encontradas neste link:\u00a0<a href=\"https:\/\/periodicos.ufpel.edu.br\/index.php\/percsoc\/about\/submissions\" target=\"_blank\" rel=\"noopener noreferrer\" data-saferedirecturl=\"https:\/\/www.google.com\/url?q=https:\/\/periodicos.ufpel.edu.br\/index.php\/percsoc\/about\/submissions&amp;source=gmail&amp;ust=1724939661985000&amp;usg=AOvVaw2aJuZNcuExQEJkRX11foxY\">https:\/\/periodicos.ufpel.edu.<wbr \/>br\/index.php\/percsoc\/about\/<wbr \/>submissions<\/a><\/p>\n","protected":false},"excerpt":{"rendered":"<p>A Revista Perspectivas Sociais, ISSN: 2317-7438, informa que est\u00e1 recebendo textos acad\u00eamicos at\u00e9 o dia 15 de setembro de 2024, para compor a segunda edi\u00e7\u00e3o deste ano, com publica\u00e7\u00e3o prevista para Dezembro. A revista recebe trabalhos vinculados \u00e0 \u00e1rea das Ci\u00eancias Sociais e afins. Para a submiss\u00e3o dos trabalhos, a titula\u00e7\u00e3o m\u00ednima \u00e9 de mestrando\/a [&hellip;]<\/p>\n","protected":false},"author":396,"featured_media":0,"comment_status":"closed","ping_status":"closed","sticky":false,"template":"","format":"standard","meta":{"jetpack_post_was_ever_published":false,"_jetpack_newsletter_access":"","_jetpack_dont_email_post_to_subs":false,"_jetpack_newsletter_tier_id":0,"_jetpack_memberships_contains_paywalled_content":false,"_jetpack_memberships_contains_paid_content":false,"footnotes":"","jetpack_publicize_message":"","jetpack_publicize_feature_enabled":true,"jetpack_social_post_already_shared":true,"jetpack_social_options":{"image_generator_settings":{"template":"highway","default_image_id":0,"font":"","enabled":false},"version":2}},"categories":[73191],"tags":[],"class_list":["post-8756","post","type-post","status-publish","format-standard","hentry","category-noticias"],"jetpack_publicize_connections":[],"jetpack_featured_media_url":"","jetpack_sharing_enabled":true,"jetpack_shortlink":"https:\/\/wp.me\/p9dZ0f-2he","jetpack_likes_enabled":true,"jetpack-related-posts":[],"_links":{"self":[{"href":"https:\/\/wp.ufpel.edu.br\/ppgs\/wp-json\/wp\/v2\/posts\/8756","targetHints":{"allow":["GET"]}}],"collection":[{"href":"https:\/\/wp.ufpel.edu.br\/ppgs\/wp-json\/wp\/v2\/posts"}],"about":[{"href":"https:\/\/wp.ufpel.edu.br\/ppgs\/wp-json\/wp\/v2\/types\/post"}],"author":[{"embeddable":true,"href":"https:\/\/wp.ufpel.edu.br\/ppgs\/wp-json\/wp\/v2\/users\/396"}],"replies":[{"embeddable":true,"href":"https:\/\/wp.ufpel.edu.br\/ppgs\/wp-json\/wp\/v2\/comments?post=8756"}],"version-history":[{"count":5,"href":"https:\/\/wp.ufpel.edu.br\/ppgs\/wp-json\/wp\/v2\/posts\/8756\/revisions"}],"predecessor-version":[{"id":8762,"href":"https:\/\/wp.ufpel.edu.br\/ppgs\/wp-json\/wp\/v2\/posts\/8756\/revisions\/8762"}],"wp:attachment":[{"href":"https:\/\/wp.ufpel.edu.br\/ppgs\/wp-json\/wp\/v2\/media?parent=8756"}],"wp:term":[{"taxonomy":"category","embeddable":true,"href":"https:\/\/wp.ufpel.edu.br\/ppgs\/wp-json\/wp\/v2\/categories?post=8756"},{"taxonomy":"post_tag","embeddable":true,"href":"https:\/\/wp.ufpel.edu.br\/ppgs\/wp-json\/wp\/v2\/tags?post=8756"}],"curies":[{"name":"wp","href":"https:\/\/api.w.org\/{rel}","templated":true}]}}