{"id":8718,"date":"2024-08-15T17:03:40","date_gmt":"2024-08-15T20:03:40","guid":{"rendered":"https:\/\/wp.ufpel.edu.br\/ppgs\/?p=8718"},"modified":"2026-04-20T13:29:08","modified_gmt":"2026-04-20T16:29:08","slug":"lancamento-do-livro-victor-ramil-o-astronauta-lirico","status":"publish","type":"post","link":"https:\/\/wp.ufpel.edu.br\/ppgs\/2024\/08\/15\/lancamento-do-livro-victor-ramil-o-astronauta-lirico\/","title":{"rendered":"Lan\u00e7amento do livro &#8220;Victor Ramil, o astronauta l\u00edrico&#8221;"},"content":{"rendered":"<p>Marcos Lacerda, que faz est\u00e1gio de p\u00f3s-doutorado no PPGS, vai lan\u00e7ar o livro &#8220;Vitor Ramil, o astronauta l\u00edrico&#8221; (2024), no Centro de Artes da Ufpel, no dia 16 de agosto, sexta-feira, \u00e0s 19h. O evento contar\u00e1 tamb\u00e9m com a presen\u00e7a de Vitor Ramil e ter\u00e1 como mediador o professor Leandro Maia. Haver\u00e1 bate-papo e sess\u00e3o de aut\u00f3grafos.<\/p>\n<p><a href=\"https:\/\/i0.wp.com\/wp.ufpel.edu.br\/ppgs\/files\/2024\/08\/WhatsApp-Image-2024-08-12-at-10.36.03.jpeg?ssl=1\"><img data-recalc-dims=\"1\" data-attachment-id=\"8719\" data-permalink=\"https:\/\/wp.ufpel.edu.br\/ppgs\/2024\/08\/15\/lancamento-do-livro-victor-ramil-o-astronauta-lirico\/whatsapp-image-2024-08-12-at-10-36-03\/\" data-orig-file=\"https:\/\/i0.wp.com\/wp.ufpel.edu.br\/ppgs\/files\/2024\/08\/WhatsApp-Image-2024-08-12-at-10.36.03.jpeg?fit=1110%2C1600&amp;ssl=1\" data-orig-size=\"1110,1600\" data-comments-opened=\"0\" data-image-meta=\"{&quot;aperture&quot;:&quot;0&quot;,&quot;credit&quot;:&quot;&quot;,&quot;camera&quot;:&quot;&quot;,&quot;caption&quot;:&quot;&quot;,&quot;created_timestamp&quot;:&quot;0&quot;,&quot;copyright&quot;:&quot;&quot;,&quot;focal_length&quot;:&quot;0&quot;,&quot;iso&quot;:&quot;0&quot;,&quot;shutter_speed&quot;:&quot;0&quot;,&quot;title&quot;:&quot;&quot;,&quot;orientation&quot;:&quot;0&quot;}\" data-image-title=\"WhatsApp-Image-2024-08-12-at-10.36.03\" data-image-description=\"\" data-image-caption=\"\" data-medium-file=\"https:\/\/i0.wp.com\/wp.ufpel.edu.br\/ppgs\/files\/2024\/08\/WhatsApp-Image-2024-08-12-at-10.36.03.jpeg?fit=278%2C400&amp;ssl=1\" data-large-file=\"https:\/\/i0.wp.com\/wp.ufpel.edu.br\/ppgs\/files\/2024\/08\/WhatsApp-Image-2024-08-12-at-10.36.03.jpeg?fit=710%2C1024&amp;ssl=1\" class=\"size-medium wp-image-8719 alignleft\" src=\"https:\/\/i0.wp.com\/wp.ufpel.edu.br\/ppgs\/files\/2024\/08\/WhatsApp-Image-2024-08-12-at-10.36.03.jpeg?resize=278%2C400&#038;ssl=1\" alt=\"\" width=\"278\" height=\"400\" srcset=\"https:\/\/i0.wp.com\/wp.ufpel.edu.br\/ppgs\/files\/2024\/08\/WhatsApp-Image-2024-08-12-at-10.36.03.jpeg?resize=278%2C400&amp;ssl=1 278w, https:\/\/i0.wp.com\/wp.ufpel.edu.br\/ppgs\/files\/2024\/08\/WhatsApp-Image-2024-08-12-at-10.36.03.jpeg?resize=710%2C1024&amp;ssl=1 710w, https:\/\/i0.wp.com\/wp.ufpel.edu.br\/ppgs\/files\/2024\/08\/WhatsApp-Image-2024-08-12-at-10.36.03.jpeg?resize=768%2C1107&amp;ssl=1 768w, https:\/\/i0.wp.com\/wp.ufpel.edu.br\/ppgs\/files\/2024\/08\/WhatsApp-Image-2024-08-12-at-10.36.03.jpeg?resize=1066%2C1536&amp;ssl=1 1066w, https:\/\/i0.wp.com\/wp.ufpel.edu.br\/ppgs\/files\/2024\/08\/WhatsApp-Image-2024-08-12-at-10.36.03.jpeg?w=1110&amp;ssl=1 1110w\" sizes=\"(max-width: 278px) 100vw, 278px\" \/><\/a><\/p>\n","protected":false},"excerpt":{"rendered":"<p>Marcos Lacerda, que faz est\u00e1gio de p\u00f3s-doutorado no PPGS, vai lan\u00e7ar o livro &#8220;Vitor Ramil, o astronauta l\u00edrico&#8221; (2024), no Centro de Artes da Ufpel, no dia 16 de agosto, sexta-feira, \u00e0s 19h. O evento contar\u00e1 tamb\u00e9m com a presen\u00e7a de Vitor Ramil e ter\u00e1 como mediador o professor Leandro Maia. Haver\u00e1 bate-papo e sess\u00e3o [&hellip;]<\/p>\n","protected":false},"author":1487,"featured_media":0,"comment_status":"closed","ping_status":"closed","sticky":false,"template":"","format":"standard","meta":{"jetpack_post_was_ever_published":false,"_jetpack_newsletter_access":"","_jetpack_dont_email_post_to_subs":false,"_jetpack_newsletter_tier_id":0,"_jetpack_memberships_contains_paywalled_content":false,"_jetpack_memberships_contains_paid_content":false,"footnotes":"","jetpack_publicize_message":"","jetpack_publicize_feature_enabled":true,"jetpack_social_post_already_shared":true,"jetpack_social_options":{"image_generator_settings":{"template":"highway","default_image_id":0,"font":"","enabled":false},"version":2}},"categories":[73215],"tags":[],"class_list":["post-8718","post","type-post","status-publish","format-standard","hentry","category-livros"],"jetpack_publicize_connections":[],"jetpack_featured_media_url":"","jetpack_sharing_enabled":true,"jetpack_shortlink":"https:\/\/wp.me\/p9dZ0f-2gC","jetpack_likes_enabled":true,"jetpack-related-posts":[],"_links":{"self":[{"href":"https:\/\/wp.ufpel.edu.br\/ppgs\/wp-json\/wp\/v2\/posts\/8718","targetHints":{"allow":["GET"]}}],"collection":[{"href":"https:\/\/wp.ufpel.edu.br\/ppgs\/wp-json\/wp\/v2\/posts"}],"about":[{"href":"https:\/\/wp.ufpel.edu.br\/ppgs\/wp-json\/wp\/v2\/types\/post"}],"author":[{"embeddable":true,"href":"https:\/\/wp.ufpel.edu.br\/ppgs\/wp-json\/wp\/v2\/users\/1487"}],"replies":[{"embeddable":true,"href":"https:\/\/wp.ufpel.edu.br\/ppgs\/wp-json\/wp\/v2\/comments?post=8718"}],"version-history":[{"count":2,"href":"https:\/\/wp.ufpel.edu.br\/ppgs\/wp-json\/wp\/v2\/posts\/8718\/revisions"}],"predecessor-version":[{"id":8721,"href":"https:\/\/wp.ufpel.edu.br\/ppgs\/wp-json\/wp\/v2\/posts\/8718\/revisions\/8721"}],"wp:attachment":[{"href":"https:\/\/wp.ufpel.edu.br\/ppgs\/wp-json\/wp\/v2\/media?parent=8718"}],"wp:term":[{"taxonomy":"category","embeddable":true,"href":"https:\/\/wp.ufpel.edu.br\/ppgs\/wp-json\/wp\/v2\/categories?post=8718"},{"taxonomy":"post_tag","embeddable":true,"href":"https:\/\/wp.ufpel.edu.br\/ppgs\/wp-json\/wp\/v2\/tags?post=8718"}],"curies":[{"name":"wp","href":"https:\/\/api.w.org\/{rel}","templated":true}]}}