{"id":8716,"date":"2024-08-15T16:57:58","date_gmt":"2024-08-15T19:57:58","guid":{"rendered":"https:\/\/wp.ufpel.edu.br\/ppgs\/?p=8716"},"modified":"2026-04-20T12:01:46","modified_gmt":"2026-04-20T15:01:46","slug":"informacoes-para-alunas-os-especiais-e-externos-2-2024-ppg-sociologia-ufpel","status":"publish","type":"post","link":"https:\/\/wp.ufpel.edu.br\/ppgs\/2024\/08\/15\/informacoes-para-alunas-os-especiais-e-externos-2-2024-ppg-sociologia-ufpel\/","title":{"rendered":"Homologa\u00e7\u00e3o para alunos especiais e externos"},"content":{"rendered":"<p>Matr\u00edcula (virtual) dos Alunos Especiais Aprovados \u2013 21 e 22 de agosto de 2024 \u2013 (at\u00e9 \u00e0s 17hs).<\/p>\n<p>A matr\u00edcula dos alunos especiais APROVADOS se efetiva mediante o envio do formul\u00e1rio 02 em pdf (constante no site do PPGS), para o e-mail do PPGS (ppgs@ufpel.edu.br). No formul\u00e1rio 02, preencher as seguintes informa\u00e7\u00f5es: nome<br \/>\ncompleto, fazer refer\u00eancia ao edital de aluno especial, disciplina, data e assinatura.<\/p>\n<p>1. Os formul\u00e1rios de matr\u00edculas recebidos fora da data e hor\u00e1rio estipulados n\u00e3o ser\u00e3o considerados e o candidato n\u00e3o ter\u00e1 a sua matr\u00edcula efetuada.<\/p>\n<p>2. Os campos \u201cC\u00f3digo\u201d e \u201c\u00c1rea\u201d do formul\u00e1rio 2 (de matr\u00edcula) n\u00e3o precisam ser preenchidos.<\/p>\n<p>Para alunos regulares de outros PPGs que enviaram por e-mail (ppgs@ufpel.edu.br), dentro do per\u00edodo de inscri\u00e7\u00e3o de alunos especiais, o formul\u00e1rio de matr\u00edcula (formul\u00e1rio 02) indicando o curso em que est\u00e1 matriculado e o n\u00famero do CPF, com a ci\u00eancia do orientador a matr\u00edcula na disciplina ser\u00e1 realizada automaticamente (se houver vaga).<\/p>\n<p>&nbsp;<\/p>\n<p><strong>Lista de Aprovados de Alunos Especiais e externos 2024\/2<\/strong><\/p>\n<p><strong>Sociologia do Brasil contempor\u00e2neo<\/strong> (T\u00f3picos especiais, 06560124). 4 cr\u00e9ditos. Prof. Rodrigo Cantu (respons\u00e1vel). Sexta-feira, 14hs.<br \/>\nFabiano Milano Fritzen<br \/>\nHellen Armao correa<br \/>\nMarina Dos Santos Pereira<\/p>\n<p><strong>Ra\u00e7a, Etnia e Desigualdade Social no Brasil<\/strong> (0568157). 4 cr\u00e9ditos. Prof. Marcus Vinicius Spolle. Quarta-feira. 9hs.<\/p>\n<p>Aline dos Santos Pereira<\/p>\n<p>Hanica Diniz Pereira<\/p>\n<p>Macleidi da Luz<\/p>\n<p>Vinicius Viana Goncalves<\/p>\n<p><strong>Pol\u00edtica e Sociedade na Am\u00e9rica Latina<\/strong> (Semin\u00e1rio Avan\u00e7ado I, 06560119). 4 cr\u00e9ditos. Profa. Simone Gomes. Segunda-feira, 14hs.<\/p>\n<p>Brenda Krolow Soares<\/p>\n<p>Frederico Andrade Brant<\/p>\n<p>J\u00falia Boanova B\u00f6hm (Externa de outro PPG)<\/p>\n<p>Vinicius Viana Goncalves<\/p>\n<p><strong>Metodologias Participativas e Decoloniais na Pesquisa Social<\/strong> (Semin\u00e1rio avan\u00e7ado V, 0560173). 4 cr\u00e9ditos. Profa. Adriane V. Ferrarini. Quinta-feira, 14hs.<\/p>\n<p>Alessandra Gurgel Pontes (Externa de outro PPG)<\/p>\n<p>Jorge Luis Martins Alvez<\/p>\n<p>Karina Constantino Brisolla\u00a0(Externa de outro PPG)<\/p>\n<p><strong>Desenhos de pesquisa e metodologias qualitativas \/ quantitativas na Sociologia <\/strong>(T\u00f3picos Especiais II, 0560171). 4 cr\u00e9ditos. Profs. Rodrigo Cantu e M\u00e1rcio Barcelos. Ter\u00e7a-feira, 9hs.<\/p>\n<p>Aline dos Santos Pereira<\/p>\n<p>Beatriz Franco Pereira do Vale (PPGCi\u00eancia Pol\u00edtica)<\/p>\n<p>J\u00e9ssica Seabra de Oliveira Alves (PPGCi\u00eancia Pol\u00edtica da UFpel)<\/p>\n<p>Fabiano Milano Fritzen<\/p>\n<p>Frederico Andrade Brant<\/p>\n<p>Jorge Luis Martins Alvez<\/p>\n<p>&nbsp;<\/p>\n<p><strong>Trabalho de cuidado \u2013 perspectiva interseccional<\/strong> (T\u00f3picos especiais IV, 0569119).<\/p>\n<p>Profa. Marilis Almeida. Ter\u00e7a-feira, 14hs.<\/p>\n<p>Bruna da Rosa Alves<\/p>\n<p>Brenda Krolow Soares<\/p>\n<p>&nbsp;<\/p>\n<p><strong>Truques da escrita: produ\u00e7\u00e3o e interpreta\u00e7\u00e3o de textos (Semin\u00e1rio Avan\u00e7ado III, D000501). 2 cr\u00e9ditos. Prof. William H. G. Soto. Ter\u00e7a-feira, 14hs. In\u00edcio: 14\/10\/2024.<\/strong><\/p>\n<p>Adriana da Silva Ferreira (aluna especial)<\/p>\n<p>Caiod\u00ea Boa Morte do Carmo Cardoso (PPGFilosofia-UFPel)<\/p>\n","protected":false},"excerpt":{"rendered":"<p>Matr\u00edcula (virtual) dos Alunos Especiais Aprovados \u2013 21 e 22 de agosto de 2024 \u2013 (at\u00e9 \u00e0s 17hs). A matr\u00edcula dos alunos especiais APROVADOS se efetiva mediante o envio do formul\u00e1rio 02 em pdf (constante no site do PPGS), para o e-mail do PPGS (ppgs@ufpel.edu.br). No formul\u00e1rio 02, preencher as seguintes informa\u00e7\u00f5es: nome completo, fazer [&hellip;]<\/p>\n","protected":false},"author":1487,"featured_media":0,"comment_status":"closed","ping_status":"closed","sticky":false,"template":"","format":"standard","meta":{"jetpack_post_was_ever_published":false,"_jetpack_newsletter_access":"","_jetpack_dont_email_post_to_subs":false,"_jetpack_newsletter_tier_id":0,"_jetpack_memberships_contains_paywalled_content":false,"_jetpack_memberships_contains_paid_content":false,"footnotes":"","jetpack_publicize_message":"","jetpack_publicize_feature_enabled":true,"jetpack_social_post_already_shared":true,"jetpack_social_options":{"image_generator_settings":{"template":"highway","default_image_id":0,"font":"","enabled":false},"version":2}},"categories":[73173],"tags":[],"class_list":["post-8716","post","type-post","status-publish","format-standard","hentry","category-editais"],"jetpack_publicize_connections":[],"jetpack_featured_media_url":"","jetpack_sharing_enabled":true,"jetpack_shortlink":"https:\/\/wp.me\/p9dZ0f-2gA","jetpack_likes_enabled":true,"jetpack-related-posts":[],"_links":{"self":[{"href":"https:\/\/wp.ufpel.edu.br\/ppgs\/wp-json\/wp\/v2\/posts\/8716","targetHints":{"allow":["GET"]}}],"collection":[{"href":"https:\/\/wp.ufpel.edu.br\/ppgs\/wp-json\/wp\/v2\/posts"}],"about":[{"href":"https:\/\/wp.ufpel.edu.br\/ppgs\/wp-json\/wp\/v2\/types\/post"}],"author":[{"embeddable":true,"href":"https:\/\/wp.ufpel.edu.br\/ppgs\/wp-json\/wp\/v2\/users\/1487"}],"replies":[{"embeddable":true,"href":"https:\/\/wp.ufpel.edu.br\/ppgs\/wp-json\/wp\/v2\/comments?post=8716"}],"version-history":[{"count":4,"href":"https:\/\/wp.ufpel.edu.br\/ppgs\/wp-json\/wp\/v2\/posts\/8716\/revisions"}],"predecessor-version":[{"id":8742,"href":"https:\/\/wp.ufpel.edu.br\/ppgs\/wp-json\/wp\/v2\/posts\/8716\/revisions\/8742"}],"wp:attachment":[{"href":"https:\/\/wp.ufpel.edu.br\/ppgs\/wp-json\/wp\/v2\/media?parent=8716"}],"wp:term":[{"taxonomy":"category","embeddable":true,"href":"https:\/\/wp.ufpel.edu.br\/ppgs\/wp-json\/wp\/v2\/categories?post=8716"},{"taxonomy":"post_tag","embeddable":true,"href":"https:\/\/wp.ufpel.edu.br\/ppgs\/wp-json\/wp\/v2\/tags?post=8716"}],"curies":[{"name":"wp","href":"https:\/\/api.w.org\/{rel}","templated":true}]}}