{"id":8588,"date":"2024-06-25T14:32:38","date_gmt":"2024-06-25T17:32:38","guid":{"rendered":"https:\/\/wp.ufpel.edu.br\/ppgs\/?p=8588"},"modified":"2026-04-20T12:40:48","modified_gmt":"2026-04-20T15:40:48","slug":"eleicao-para-coordenador-e-coordenador-adjunto-do-programa-de-pos-graduacao-em-sociologia-resultado-da-eleicao","status":"publish","type":"post","link":"https:\/\/wp.ufpel.edu.br\/ppgs\/2024\/06\/25\/eleicao-para-coordenador-e-coordenador-adjunto-do-programa-de-pos-graduacao-em-sociologia-resultado-da-eleicao\/","title":{"rendered":"Elei\u00e7\u00e3o para Coordenador e Coordenador-Adjunto do Programa de Pos-Gradua\u00e7\u00e3o em Sociologia \u2013 Resultado da elei\u00e7\u00e3o"},"content":{"rendered":"<p>A comiss\u00e3o eleitoral divulga o resultado da Elei\u00e7\u00e3o de Coordenador e Coordenador-Adjunto do Programa de P\u00f3s-gradua\u00e7\u00e3o em Sociologia, realizada em 21\/6\/2024 por Formul\u00e1rio Google:<\/p>\n<p>&#8211; Chapa \u00danica (Candidato a Coordenador: Prof. Dr. Pedro Robertt \/ Candidata a Coordenadora-Adjunta: Prof\u00aa Dr\u00aa Mari Cristina de Freitas Fagundes ) &#8211; 35 (trinta e cinco) votos.<\/p>\n<p>&#8211; 1 (um) voto em branco.<\/p>\n","protected":false},"excerpt":{"rendered":"<p>A comiss\u00e3o eleitoral divulga o resultado da Elei\u00e7\u00e3o de Coordenador e Coordenador-Adjunto do Programa de P\u00f3s-gradua\u00e7\u00e3o em Sociologia, realizada em 21\/6\/2024 por Formul\u00e1rio Google: &#8211; Chapa \u00danica (Candidato a Coordenador: Prof. Dr. Pedro Robertt \/ Candidata a Coordenadora-Adjunta: Prof\u00aa Dr\u00aa Mari Cristina de Freitas Fagundes ) &#8211; 35 (trinta e cinco) votos. &#8211; 1 (um) [&hellip;]<\/p>\n","protected":false},"author":396,"featured_media":0,"comment_status":"closed","ping_status":"closed","sticky":false,"template":"","format":"standard","meta":{"jetpack_post_was_ever_published":false,"_jetpack_newsletter_access":"","_jetpack_dont_email_post_to_subs":false,"_jetpack_newsletter_tier_id":0,"_jetpack_memberships_contains_paywalled_content":false,"_jetpack_memberships_contains_paid_content":false,"footnotes":"","jetpack_publicize_message":"","jetpack_publicize_feature_enabled":true,"jetpack_social_post_already_shared":true,"jetpack_social_options":{"image_generator_settings":{"template":"highway","default_image_id":0,"font":"","enabled":false},"version":2}},"categories":[73173],"tags":[],"class_list":["post-8588","post","type-post","status-publish","format-standard","hentry","category-editais"],"jetpack_publicize_connections":[],"jetpack_featured_media_url":"","jetpack_sharing_enabled":true,"jetpack_shortlink":"https:\/\/wp.me\/p9dZ0f-2ew","jetpack_likes_enabled":true,"jetpack-related-posts":[],"_links":{"self":[{"href":"https:\/\/wp.ufpel.edu.br\/ppgs\/wp-json\/wp\/v2\/posts\/8588","targetHints":{"allow":["GET"]}}],"collection":[{"href":"https:\/\/wp.ufpel.edu.br\/ppgs\/wp-json\/wp\/v2\/posts"}],"about":[{"href":"https:\/\/wp.ufpel.edu.br\/ppgs\/wp-json\/wp\/v2\/types\/post"}],"author":[{"embeddable":true,"href":"https:\/\/wp.ufpel.edu.br\/ppgs\/wp-json\/wp\/v2\/users\/396"}],"replies":[{"embeddable":true,"href":"https:\/\/wp.ufpel.edu.br\/ppgs\/wp-json\/wp\/v2\/comments?post=8588"}],"version-history":[{"count":1,"href":"https:\/\/wp.ufpel.edu.br\/ppgs\/wp-json\/wp\/v2\/posts\/8588\/revisions"}],"predecessor-version":[{"id":8589,"href":"https:\/\/wp.ufpel.edu.br\/ppgs\/wp-json\/wp\/v2\/posts\/8588\/revisions\/8589"}],"wp:attachment":[{"href":"https:\/\/wp.ufpel.edu.br\/ppgs\/wp-json\/wp\/v2\/media?parent=8588"}],"wp:term":[{"taxonomy":"category","embeddable":true,"href":"https:\/\/wp.ufpel.edu.br\/ppgs\/wp-json\/wp\/v2\/categories?post=8588"},{"taxonomy":"post_tag","embeddable":true,"href":"https:\/\/wp.ufpel.edu.br\/ppgs\/wp-json\/wp\/v2\/tags?post=8588"}],"curies":[{"name":"wp","href":"https:\/\/api.w.org\/{rel}","templated":true}]}}