{"id":8471,"date":"2024-04-08T11:04:46","date_gmt":"2024-04-08T14:04:46","guid":{"rendered":"https:\/\/wp.ufpel.edu.br\/ppgs\/?p=8471"},"modified":"2026-04-20T13:15:46","modified_gmt":"2026-04-20T16:15:46","slug":"chamada-de-artigos-para-a-revista-discente-perspectivas-sociais","status":"publish","type":"post","link":"https:\/\/wp.ufpel.edu.br\/ppgs\/2024\/04\/08\/chamada-de-artigos-para-a-revista-discente-perspectivas-sociais\/","title":{"rendered":"Chamada de artigos para a revista discente Perspectivas Sociais."},"content":{"rendered":"<p>A\u00a0Revista Perspectivas Sociais,\u00a0ISSN: 2317-7438, informa que est\u00e1 recebendo textos acad\u00eamicos at\u00e9 o dia 22 de abril de 2024, para compor a primeira edi\u00e7\u00e3o deste ano, com publica\u00e7\u00e3o prevista para julho. A revista recebe trabalhos vinculados \u00e0 \u00e1rea das Ci\u00eancias Sociais e afins.<\/p>\n<p>Para a submiss\u00e3o dos trabalhos, a titula\u00e7\u00e3o m\u00ednima \u00e9 de mestrando\/a (graduados\/as e graduandos\/as podem submeter trabalhos, desde que em coautoria).<\/p>\n<p>As normas para os escritos, e o template que \u00e9 obrigat\u00f3rio, podem ser encontradas neste link:\u00a0<a href=\"https:\/\/periodicos.ufpel.edu.br\/index.php\/percsoc\/about\/submissions\" target=\"_blank\" rel=\"noopener noreferrer\" data-saferedirecturl=\"https:\/\/www.google.com\/url?q=https:\/\/periodicos.ufpel.edu.br\/index.php\/percsoc\/about\/submissions&amp;source=gmail&amp;ust=1712670957102000&amp;usg=AOvVaw2d4fbi5_yqf1siEmmVp9qB\"><u>https:\/\/periodicos.<wbr \/>ufpel.edu.br\/index.php\/<wbr \/>percsoc\/about\/submissions<\/u><\/a><\/p>\n<p><u><\/u><u><a href=\"https:\/\/i0.wp.com\/wp.ufpel.edu.br\/ppgs\/files\/2024\/04\/homepageImage_pt_BR.png?ssl=1\"><img data-recalc-dims=\"1\" data-attachment-id=\"8472\" data-permalink=\"https:\/\/wp.ufpel.edu.br\/ppgs\/2024\/04\/08\/chamada-de-artigos-para-a-revista-discente-perspectivas-sociais\/homepageimage_pt_br\/\" data-orig-file=\"https:\/\/i0.wp.com\/wp.ufpel.edu.br\/ppgs\/files\/2024\/04\/homepageImage_pt_BR.png?fit=640%2C200&amp;ssl=1\" data-orig-size=\"640,200\" data-comments-opened=\"0\" data-image-meta=\"{&quot;aperture&quot;:&quot;0&quot;,&quot;credit&quot;:&quot;&quot;,&quot;camera&quot;:&quot;&quot;,&quot;caption&quot;:&quot;&quot;,&quot;created_timestamp&quot;:&quot;0&quot;,&quot;copyright&quot;:&quot;&quot;,&quot;focal_length&quot;:&quot;0&quot;,&quot;iso&quot;:&quot;0&quot;,&quot;shutter_speed&quot;:&quot;0&quot;,&quot;title&quot;:&quot;&quot;,&quot;orientation&quot;:&quot;0&quot;}\" data-image-title=\"homepageImage_pt_BR\" data-image-description=\"\" data-image-caption=\"\" data-medium-file=\"https:\/\/i0.wp.com\/wp.ufpel.edu.br\/ppgs\/files\/2024\/04\/homepageImage_pt_BR.png?fit=400%2C125&amp;ssl=1\" data-large-file=\"https:\/\/i0.wp.com\/wp.ufpel.edu.br\/ppgs\/files\/2024\/04\/homepageImage_pt_BR.png?fit=640%2C200&amp;ssl=1\" class=\"aligncenter wp-image-8472\" src=\"https:\/\/i0.wp.com\/wp.ufpel.edu.br\/ppgs\/files\/2024\/04\/homepageImage_pt_BR.png?resize=615%2C192&#038;ssl=1\" alt=\"\" width=\"615\" height=\"192\" srcset=\"https:\/\/i0.wp.com\/wp.ufpel.edu.br\/ppgs\/files\/2024\/04\/homepageImage_pt_BR.png?resize=400%2C125&amp;ssl=1 400w, https:\/\/i0.wp.com\/wp.ufpel.edu.br\/ppgs\/files\/2024\/04\/homepageImage_pt_BR.png?w=640&amp;ssl=1 640w\" sizes=\"(max-width: 615px) 100vw, 615px\" \/><\/a><\/u><\/p>\n<p>&nbsp;<\/p>\n","protected":false},"excerpt":{"rendered":"<p>A\u00a0Revista Perspectivas Sociais,\u00a0ISSN: 2317-7438, informa que est\u00e1 recebendo textos acad\u00eamicos at\u00e9 o dia 22 de abril de 2024, para compor a primeira edi\u00e7\u00e3o deste ano, com publica\u00e7\u00e3o prevista para julho. A revista recebe trabalhos vinculados \u00e0 \u00e1rea das Ci\u00eancias Sociais e afins. Para a submiss\u00e3o dos trabalhos, a titula\u00e7\u00e3o m\u00ednima \u00e9 de mestrando\/a (graduados\/as e [&hellip;]<\/p>\n","protected":false},"author":396,"featured_media":0,"comment_status":"closed","ping_status":"closed","sticky":false,"template":"","format":"standard","meta":{"jetpack_post_was_ever_published":false,"_jetpack_newsletter_access":"","_jetpack_dont_email_post_to_subs":false,"_jetpack_newsletter_tier_id":0,"_jetpack_memberships_contains_paywalled_content":false,"_jetpack_memberships_contains_paid_content":false,"footnotes":"","jetpack_publicize_message":"","jetpack_publicize_feature_enabled":true,"jetpack_social_post_already_shared":true,"jetpack_social_options":{"image_generator_settings":{"template":"highway","default_image_id":0,"font":"","enabled":false},"version":2}},"categories":[73175],"tags":[],"class_list":["post-8471","post","type-post","status-publish","format-standard","hentry","category-revista-perspectivas-sociais"],"jetpack_publicize_connections":[],"jetpack_featured_media_url":"","jetpack_sharing_enabled":true,"jetpack_shortlink":"https:\/\/wp.me\/p9dZ0f-2cD","jetpack_likes_enabled":true,"jetpack-related-posts":[],"_links":{"self":[{"href":"https:\/\/wp.ufpel.edu.br\/ppgs\/wp-json\/wp\/v2\/posts\/8471","targetHints":{"allow":["GET"]}}],"collection":[{"href":"https:\/\/wp.ufpel.edu.br\/ppgs\/wp-json\/wp\/v2\/posts"}],"about":[{"href":"https:\/\/wp.ufpel.edu.br\/ppgs\/wp-json\/wp\/v2\/types\/post"}],"author":[{"embeddable":true,"href":"https:\/\/wp.ufpel.edu.br\/ppgs\/wp-json\/wp\/v2\/users\/396"}],"replies":[{"embeddable":true,"href":"https:\/\/wp.ufpel.edu.br\/ppgs\/wp-json\/wp\/v2\/comments?post=8471"}],"version-history":[{"count":5,"href":"https:\/\/wp.ufpel.edu.br\/ppgs\/wp-json\/wp\/v2\/posts\/8471\/revisions"}],"predecessor-version":[{"id":8487,"href":"https:\/\/wp.ufpel.edu.br\/ppgs\/wp-json\/wp\/v2\/posts\/8471\/revisions\/8487"}],"wp:attachment":[{"href":"https:\/\/wp.ufpel.edu.br\/ppgs\/wp-json\/wp\/v2\/media?parent=8471"}],"wp:term":[{"taxonomy":"category","embeddable":true,"href":"https:\/\/wp.ufpel.edu.br\/ppgs\/wp-json\/wp\/v2\/categories?post=8471"},{"taxonomy":"post_tag","embeddable":true,"href":"https:\/\/wp.ufpel.edu.br\/ppgs\/wp-json\/wp\/v2\/tags?post=8471"}],"curies":[{"name":"wp","href":"https:\/\/api.w.org\/{rel}","templated":true}]}}