{"id":6700,"date":"2021-10-13T17:03:35","date_gmt":"2021-10-13T20:03:35","guid":{"rendered":"https:\/\/wp.ufpel.edu.br\/ppgs\/?p=6700"},"modified":"2026-04-20T13:29:13","modified_gmt":"2026-04-20T16:29:13","slug":"participacao-pnpd-ppgs-em-live-de-lancamento-de-livro","status":"publish","type":"post","link":"https:\/\/wp.ufpel.edu.br\/ppgs\/2021\/10\/13\/participacao-pnpd-ppgs-em-live-de-lancamento-de-livro\/","title":{"rendered":"Participa\u00e7\u00e3o (PNPD\/PPGS) em live de lan\u00e7amento de livro"},"content":{"rendered":"<p>Na quinta-feira, \u00e0s 19h, Marcos Lacerda (PNPD\/PPGS) participa de uma live sobre o lan\u00e7amento do livro &#8220;Duas forma\u00e7\u00f5es, uma hist\u00f3ria: Das ideias fora do lugar ao perspectivismo amer\u00edndio&#8221; (Arquip\u00e9lago, 2021), do escritor, ensa\u00edsta e professor Lu\u00eds Augusto Fischer (UFRGS), que tamb\u00e9m far\u00e1 parte do evento, ao lado do soci\u00f3logo Andr\u00e9 Magnelli (Ateli\u00ea de Humanidades).<\/p>\n<p>&nbsp;<\/p>\n<p><a href=\"https:\/\/i0.wp.com\/wp.ufpel.edu.br\/ppgs\/files\/2021\/10\/245304469_10208917044681168_6589809629015050092_n-1.jpg?ssl=1\"><img data-recalc-dims=\"1\" data-attachment-id=\"6703\" data-permalink=\"https:\/\/wp.ufpel.edu.br\/ppgs\/2021\/10\/13\/participacao-pnpd-ppgs-em-live-de-lancamento-de-livro\/245304469_10208917044681168_6589809629015050092_n-1\/\" data-orig-file=\"https:\/\/i0.wp.com\/wp.ufpel.edu.br\/ppgs\/files\/2021\/10\/245304469_10208917044681168_6589809629015050092_n-1.jpg?fit=1080%2C1080&amp;ssl=1\" data-orig-size=\"1080,1080\" data-comments-opened=\"0\" data-image-meta=\"{&quot;aperture&quot;:&quot;0&quot;,&quot;credit&quot;:&quot;&quot;,&quot;camera&quot;:&quot;&quot;,&quot;caption&quot;:&quot;&quot;,&quot;created_timestamp&quot;:&quot;0&quot;,&quot;copyright&quot;:&quot;&quot;,&quot;focal_length&quot;:&quot;0&quot;,&quot;iso&quot;:&quot;0&quot;,&quot;shutter_speed&quot;:&quot;0&quot;,&quot;title&quot;:&quot;&quot;,&quot;orientation&quot;:&quot;0&quot;}\" data-image-title=\"245304469_10208917044681168_6589809629015050092_n (1)\" data-image-description=\"\" data-image-caption=\"\" data-medium-file=\"https:\/\/i0.wp.com\/wp.ufpel.edu.br\/ppgs\/files\/2021\/10\/245304469_10208917044681168_6589809629015050092_n-1.jpg?fit=400%2C400&amp;ssl=1\" data-large-file=\"https:\/\/i0.wp.com\/wp.ufpel.edu.br\/ppgs\/files\/2021\/10\/245304469_10208917044681168_6589809629015050092_n-1.jpg?fit=1024%2C1024&amp;ssl=1\" class=\"alignright size-full wp-image-6703\" src=\"https:\/\/i0.wp.com\/wp.ufpel.edu.br\/ppgs\/files\/2021\/10\/245304469_10208917044681168_6589809629015050092_n-1.jpg?resize=1080%2C1080&#038;ssl=1\" alt=\"\" width=\"1080\" height=\"1080\" srcset=\"https:\/\/i0.wp.com\/wp.ufpel.edu.br\/ppgs\/files\/2021\/10\/245304469_10208917044681168_6589809629015050092_n-1.jpg?w=1080&amp;ssl=1 1080w, https:\/\/i0.wp.com\/wp.ufpel.edu.br\/ppgs\/files\/2021\/10\/245304469_10208917044681168_6589809629015050092_n-1.jpg?resize=400%2C400&amp;ssl=1 400w, https:\/\/i0.wp.com\/wp.ufpel.edu.br\/ppgs\/files\/2021\/10\/245304469_10208917044681168_6589809629015050092_n-1.jpg?resize=1024%2C1024&amp;ssl=1 1024w, https:\/\/i0.wp.com\/wp.ufpel.edu.br\/ppgs\/files\/2021\/10\/245304469_10208917044681168_6589809629015050092_n-1.jpg?resize=200%2C200&amp;ssl=1 200w, https:\/\/i0.wp.com\/wp.ufpel.edu.br\/ppgs\/files\/2021\/10\/245304469_10208917044681168_6589809629015050092_n-1.jpg?resize=768%2C768&amp;ssl=1 768w\" sizes=\"(max-width: 1000px) 100vw, 1000px\" \/><\/a><\/p>\n<p>&nbsp;<\/p>\n<p>&nbsp;<\/p>\n","protected":false},"excerpt":{"rendered":"<p>Na quinta-feira, \u00e0s 19h, Marcos Lacerda (PNPD\/PPGS) participa de uma live sobre o lan\u00e7amento do livro &#8220;Duas forma\u00e7\u00f5es, uma hist\u00f3ria: Das ideias fora do lugar ao perspectivismo amer\u00edndio&#8221; (Arquip\u00e9lago, 2021), do escritor, ensa\u00edsta e professor Lu\u00eds Augusto Fischer (UFRGS), que tamb\u00e9m far\u00e1 parte do evento, ao lado do soci\u00f3logo Andr\u00e9 Magnelli (Ateli\u00ea de Humanidades). &nbsp; [&hellip;]<\/p>\n","protected":false},"author":396,"featured_media":0,"comment_status":"closed","ping_status":"closed","sticky":false,"template":"","format":"standard","meta":{"jetpack_post_was_ever_published":false,"_jetpack_newsletter_access":"","_jetpack_dont_email_post_to_subs":false,"_jetpack_newsletter_tier_id":0,"_jetpack_memberships_contains_paywalled_content":false,"_jetpack_memberships_contains_paid_content":false,"footnotes":"","jetpack_publicize_message":"","jetpack_publicize_feature_enabled":true,"jetpack_social_post_already_shared":true,"jetpack_social_options":{"image_generator_settings":{"template":"highway","default_image_id":0,"font":"","enabled":false},"version":2}},"categories":[73215],"tags":[],"class_list":["post-6700","post","type-post","status-publish","format-standard","hentry","category-livros"],"jetpack_publicize_connections":[],"jetpack_featured_media_url":"","jetpack_sharing_enabled":true,"jetpack_shortlink":"https:\/\/wp.me\/p9dZ0f-1K4","jetpack_likes_enabled":true,"jetpack-related-posts":[],"_links":{"self":[{"href":"https:\/\/wp.ufpel.edu.br\/ppgs\/wp-json\/wp\/v2\/posts\/6700","targetHints":{"allow":["GET"]}}],"collection":[{"href":"https:\/\/wp.ufpel.edu.br\/ppgs\/wp-json\/wp\/v2\/posts"}],"about":[{"href":"https:\/\/wp.ufpel.edu.br\/ppgs\/wp-json\/wp\/v2\/types\/post"}],"author":[{"embeddable":true,"href":"https:\/\/wp.ufpel.edu.br\/ppgs\/wp-json\/wp\/v2\/users\/396"}],"replies":[{"embeddable":true,"href":"https:\/\/wp.ufpel.edu.br\/ppgs\/wp-json\/wp\/v2\/comments?post=6700"}],"version-history":[{"count":2,"href":"https:\/\/wp.ufpel.edu.br\/ppgs\/wp-json\/wp\/v2\/posts\/6700\/revisions"}],"predecessor-version":[{"id":6704,"href":"https:\/\/wp.ufpel.edu.br\/ppgs\/wp-json\/wp\/v2\/posts\/6700\/revisions\/6704"}],"wp:attachment":[{"href":"https:\/\/wp.ufpel.edu.br\/ppgs\/wp-json\/wp\/v2\/media?parent=6700"}],"wp:term":[{"taxonomy":"category","embeddable":true,"href":"https:\/\/wp.ufpel.edu.br\/ppgs\/wp-json\/wp\/v2\/categories?post=6700"},{"taxonomy":"post_tag","embeddable":true,"href":"https:\/\/wp.ufpel.edu.br\/ppgs\/wp-json\/wp\/v2\/tags?post=6700"}],"curies":[{"name":"wp","href":"https:\/\/api.w.org\/{rel}","templated":true}]}}