{"id":5808,"date":"2020-08-31T18:18:43","date_gmt":"2020-08-31T21:18:43","guid":{"rendered":"https:\/\/wp.ufpel.edu.br\/ppgs\/?p=5808"},"modified":"2020-09-03T13:43:00","modified_gmt":"2020-09-03T16:43:00","slug":"o-papel-da-cultura-e-da-ciencia-na-reproducao-do-mundo","status":"publish","type":"post","link":"https:\/\/wp.ufpel.edu.br\/ppgs\/2020\/08\/31\/o-papel-da-cultura-e-da-ciencia-na-reproducao-do-mundo\/","title":{"rendered":"O papel da Cultura e da Ci\u00eancia na (re)produ\u00e7\u00e3o do mundo"},"content":{"rendered":"<div dir=\"auto\" style=\"text-align: justify\">O projeto Sociologias Marginais convida para a atividade de leitura dirigida \u201cO papel da Cultura e da Ci\u00eancia na (re)produ\u00e7\u00e3o do mundo\u201d. Sob a coordena\u00e7\u00e3o de pesquisadores\/as convidados\/as, a iniciativa busca realizar a leitura cr\u00edtica sobre os aspectos concernentes \u00e0s aproxima\u00e7\u00f5es e interjei\u00e7\u00f5es que brotam entre os eixos cultural e cient\u00edfico na dimens\u00e3o de (re)produ\u00e7\u00e3o do mundo e seus valores civilizat\u00f3rios.<\/div>\n<div dir=\"auto\" style=\"text-align: justify\"><\/div>\n<p><\/p>\n<div dir=\"auto\" style=\"text-align: justify\"><strong>P\u00fablico-alvo:<\/strong> discentes da p\u00f3s-gradua\u00e7\u00e3o, comunidade universit\u00e1ria e comunidade em geral.<\/div>\n<div dir=\"auto\" style=\"text-align: justify\"><\/div>\n<div dir=\"auto\" style=\"text-align: justify\"><strong>Modalidade:<\/strong> Online (o link ser\u00e1 enviado por e-mail aos\/\u00e0s inscritos\/as).<\/div>\n<div dir=\"auto\" style=\"text-align: justify\"><\/div>\n<div dir=\"auto\" style=\"text-align: justify\"><strong>Periodicidade:<\/strong> ser\u00e3o 03 encontros.<\/div>\n<div dir=\"auto\" style=\"text-align: justify\">\u2794 02\/09\/2020: eixo da Cultura.<\/div>\n<div dir=\"auto\" style=\"text-align: justify\">\u2794 30\/09\/2020: eixo da Ci\u00eancia.<\/div>\n<div dir=\"auto\" style=\"text-align: justify\">\u2794 21\/10\/2020: articula\u00e7\u00e3o dos eixos Cultura e Ci\u00eancia.<\/div>\n<div dir=\"auto\" style=\"text-align: justify\"><\/div>\n<p><\/p>\n<div dir=\"auto\" style=\"text-align: justify\"><strong>1\u00ba encontro &#8211; 02\/09\/2020 &#8211; eixo da Cultura<\/strong><\/div>\n<div dir=\"auto\" style=\"text-align: justify\"><strong>Hor\u00e1rio:<\/strong> 10:30 &#8211; 12:00.<\/div>\n<div dir=\"auto\" style=\"text-align: justify\"><strong>Texto:<\/strong> \u201cCentralidade da Cultura: notas sobre as revolu\u00e7\u00f5es culturais do nosso tempo\u201d, de Stuart Hall, dispon\u00edvel em:\u00a0<a href=\"https:\/\/wp.ufpel.edu.br\/sociologiasmarginais\/files\/2020\/08\/Centralidade-da-Cultura.-Notas-sobre-as-revolu%C3%A7%C3%B5es-culturais-do-nosso-tempo.pdf\" target=\"_blank\" rel=\"noopener noreferrer\" data-saferedirecturl=\"https:\/\/www.google.com\/url?q=https:\/\/wp.ufpel.edu.br\/sociologiasmarginais\/files\/2020\/08\/Centralidade-da-Cultura.-Notas-sobre-as-revolu%25C3%25A7%25C3%25B5es-culturais-do-nosso-tempo.pdf&amp;source=gmail&amp;ust=1598994844291000&amp;usg=AFQjCNF3jpOmdlnKddR1Wb5rn_iicID10A\">https:\/\/wp.ufpel.edu.br\/sociologiasmarginais\/files\/2020\/08\/Centralidade-da-Cultura.-Notas-sobre-as-revolu%C3%A7%C3%B5es-culturais-do-nosso-tempo.pdf<\/a><\/div>\n<div dir=\"auto\" style=\"text-align: justify\"><strong>Ministrante:<\/strong> Dra. Georgina Helena Lima Nunes (PPGE\/UFPel).<\/div>\n<div dir=\"auto\" style=\"text-align: justify\"><strong>Limite:<\/strong> 30 vagas.<\/div>\n<div dir=\"auto\" style=\"text-align: justify\"><strong>Inscri\u00e7\u00f5es:<\/strong> 24\/08 a 31\/08\/2020, no seguinte endere\u00e7o eletr\u00f4nico:\u00a0<a href=\"https:\/\/docs.google.com\/forms\/d\/e\/1FAIpQLSfmqQpWb0OwcjNEnJnlyvhbOfPcqr5YubN8hBZK31VlNx_pbg\/viewform?usp=sf_link\" target=\"_blank\" rel=\"noopener noreferrer\" data-saferedirecturl=\"https:\/\/www.google.com\/url?q=https:\/\/docs.google.com\/forms\/d\/e\/1FAIpQLSfmqQpWb0OwcjNEnJnlyvhbOfPcqr5YubN8hBZK31VlNx_pbg\/viewform?usp%3Dsf_link&amp;source=gmail&amp;ust=1598994844291000&amp;usg=AFQjCNFESqcntWwAbBL5yyVfjSpxrm-f9w\">https:\/\/docs.google.com\/forms\/d\/e\/1FAIpQLSfmqQpWb0OwcjNEnJnlyvhbOfPcqr5YubN8hBZK31VlNx_pbg\/viewform?usp=sf_link<\/a><\/div>\n<div dir=\"auto\"><img class=\"aligncenter\" src=\"https:\/\/mail.google.com\/mail\/u\/1?ui=2&amp;ik=1559f468e3&amp;attid=0.1&amp;permmsgid=msg-f:1676548899897993516&amp;th=17444c577afde92c&amp;view=fimg&amp;sz=s0-l75-ft&amp;attbid=ANGjdJ-gcM-SHD497fYVutxo12xjL0clRdgO-jB6EmJtQd1zLp2kx05Eyn7z5edg1jx8wOwkzPt5MKhwNtXBOqZza9gAH8n7MZYHjovpyuxMcpH6St7UrqrnnX3KNjc&amp;disp=emb&amp;realattid=17444951fd2bc11cf2b2\" \/><\/div>\n","protected":false},"excerpt":{"rendered":"<p>O projeto Sociologias Marginais convida para a atividade de leitura dirigida \u201cO papel da Cultura e da Ci\u00eancia na (re)produ\u00e7\u00e3o do mundo\u201d. Sob a coordena\u00e7\u00e3o de pesquisadores\/as convidados\/as, a iniciativa busca realizar a leitura cr\u00edtica sobre os aspectos concernentes \u00e0s aproxima\u00e7\u00f5es e interjei\u00e7\u00f5es que brotam entre os eixos cultural e cient\u00edfico na dimens\u00e3o de (re)produ\u00e7\u00e3o [&hellip;]<\/p>\n","protected":false},"author":396,"featured_media":0,"comment_status":"closed","ping_status":"closed","sticky":false,"template":"","format":"standard","meta":{"jetpack_post_was_ever_published":false,"_jetpack_newsletter_access":"","_jetpack_dont_email_post_to_subs":false,"_jetpack_newsletter_tier_id":0,"_jetpack_memberships_contains_paywalled_content":false,"_jetpack_memberships_contains_paid_content":false,"footnotes":"","jetpack_publicize_message":"","jetpack_publicize_feature_enabled":true,"jetpack_social_post_already_shared":true,"jetpack_social_options":{"image_generator_settings":{"template":"highway","default_image_id":0,"font":"","enabled":false},"version":2}},"categories":[18],"tags":[],"class_list":["post-5808","post","type-post","status-publish","format-standard","hentry","category-sem-categoria"],"jetpack_publicize_connections":[],"jetpack_featured_media_url":"","jetpack_sharing_enabled":true,"jetpack_shortlink":"https:\/\/wp.me\/p9dZ0f-1vG","jetpack_likes_enabled":true,"jetpack-related-posts":[],"_links":{"self":[{"href":"https:\/\/wp.ufpel.edu.br\/ppgs\/wp-json\/wp\/v2\/posts\/5808","targetHints":{"allow":["GET"]}}],"collection":[{"href":"https:\/\/wp.ufpel.edu.br\/ppgs\/wp-json\/wp\/v2\/posts"}],"about":[{"href":"https:\/\/wp.ufpel.edu.br\/ppgs\/wp-json\/wp\/v2\/types\/post"}],"author":[{"embeddable":true,"href":"https:\/\/wp.ufpel.edu.br\/ppgs\/wp-json\/wp\/v2\/users\/396"}],"replies":[{"embeddable":true,"href":"https:\/\/wp.ufpel.edu.br\/ppgs\/wp-json\/wp\/v2\/comments?post=5808"}],"version-history":[{"count":11,"href":"https:\/\/wp.ufpel.edu.br\/ppgs\/wp-json\/wp\/v2\/posts\/5808\/revisions"}],"predecessor-version":[{"id":5832,"href":"https:\/\/wp.ufpel.edu.br\/ppgs\/wp-json\/wp\/v2\/posts\/5808\/revisions\/5832"}],"wp:attachment":[{"href":"https:\/\/wp.ufpel.edu.br\/ppgs\/wp-json\/wp\/v2\/media?parent=5808"}],"wp:term":[{"taxonomy":"category","embeddable":true,"href":"https:\/\/wp.ufpel.edu.br\/ppgs\/wp-json\/wp\/v2\/categories?post=5808"},{"taxonomy":"post_tag","embeddable":true,"href":"https:\/\/wp.ufpel.edu.br\/ppgs\/wp-json\/wp\/v2\/tags?post=5808"}],"curies":[{"name":"wp","href":"https:\/\/api.w.org\/{rel}","templated":true}]}}