{"id":472,"date":"2014-10-30T08:41:15","date_gmt":"2014-10-30T11:41:15","guid":{"rendered":"https:\/\/wp.ufpel.edu.br\/ppgs\/?p=472"},"modified":"2014-11-15T12:14:37","modified_gmt":"2014-11-15T16:14:37","slug":"professores-do-ppgs-participam-do-38-encontro-anual-da-anpocs","status":"publish","type":"post","link":"https:\/\/wp.ufpel.edu.br\/ppgs\/2014\/10\/30\/professores-do-ppgs-participam-do-38-encontro-anual-da-anpocs\/","title":{"rendered":"Professores do PPGS participam do 38\u00b0 Encontro Anual da Anpocs"},"content":{"rendered":"<p><span style=\"font-family: georgia, palatino;font-size: 10pt\"><span style=\"color: #000000\">Os professores Elaine da Silveira Leite e Marcus Vinicius Spolle est\u00e3o participando nesta semana, do 27 ao 31 de outubro, do <em>38\u00ba Encontro Anual da Associa\u00e7\u00e3o Nacional de P\u00f3s-gradua\u00e7\u00e3o em Ci\u00eancias Sociais<\/em>.\u00a0<\/span><span style=\"color: #000000\">A profa. Elaine est\u00e1 coordenando, junto com a pesquisadora \u00a0Marina de Souza Sartore (UFG),\u00a0<\/span><span style=\"color: #000000\">o\u00a0\u00a0Simp\u00f3sio de Pesquisas de P\u00f3s-Gradua\u00e7\u00e3o (SPG) 19 com a tem\u00e1tica: &#8220;<em>Repensando e ressignificando a economia, o mercado e seus dispositivos de legitima\u00e7\u00e3o<\/em>&#8220;. Representar\u00e1, tamb\u00e9m, o nosso programa em duas reuni\u00f5es: a dos coordenadores de p\u00f3s-gradua\u00e7\u00e3o em ci\u00eancias sociais e sociologia de todo o pa\u00eds, e a dos coordenadores com os representantes da \u00e1rea da sociologia na Capes. O prof. Marcus estar\u00e1 apresentando, no GT23 &#8220;Migra\u00e7\u00f5es internacionais: legisla\u00e7\u00f5es, estados e atores sociais&#8221; o\u00a0trabalho &#8220;<em>O Polo Naval de Rio\u00a0Grande e a utiliza\u00e7\u00e3o de trabalhadores especializados migrantes<\/em>&#8220;, de autoria sua com a mestra do nosso PPGS, Ana Cristina Porto Fabres.<\/span><\/span><\/p>\n","protected":false},"excerpt":{"rendered":"<p>Os professores Elaine da Silveira Leite e Marcus Vinicius Spolle est\u00e3o participando nesta semana, do 27 ao 31 de outubro, do 38\u00ba Encontro Anual da Associa\u00e7\u00e3o Nacional de P\u00f3s-gradua\u00e7\u00e3o em Ci\u00eancias Sociais.\u00a0A profa. Elaine est\u00e1 coordenando, junto com a pesquisadora \u00a0Marina de Souza Sartore (UFG),\u00a0o\u00a0\u00a0Simp\u00f3sio de Pesquisas de P\u00f3s-Gradua\u00e7\u00e3o (SPG) 19 com a tem\u00e1tica: &#8220;Repensando [&hellip;]<\/p>\n","protected":false},"author":396,"featured_media":0,"comment_status":"closed","ping_status":"closed","sticky":false,"template":"","format":"standard","meta":{"jetpack_post_was_ever_published":false,"_jetpack_newsletter_access":"","_jetpack_dont_email_post_to_subs":false,"_jetpack_newsletter_tier_id":0,"_jetpack_memberships_contains_paywalled_content":false,"_jetpack_memberships_contains_paid_content":false,"footnotes":"","jetpack_publicize_message":"","jetpack_publicize_feature_enabled":true,"jetpack_social_post_already_shared":false,"jetpack_social_options":{"image_generator_settings":{"template":"highway","default_image_id":0,"font":"","enabled":false},"version":2}},"categories":[18],"tags":[],"class_list":["post-472","post","type-post","status-publish","format-standard","hentry","category-sem-categoria"],"jetpack_publicize_connections":[],"jetpack_featured_media_url":"","jetpack_sharing_enabled":true,"jetpack_shortlink":"https:\/\/wp.me\/p9dZ0f-7C","jetpack_likes_enabled":true,"jetpack-related-posts":[],"_links":{"self":[{"href":"https:\/\/wp.ufpel.edu.br\/ppgs\/wp-json\/wp\/v2\/posts\/472","targetHints":{"allow":["GET"]}}],"collection":[{"href":"https:\/\/wp.ufpel.edu.br\/ppgs\/wp-json\/wp\/v2\/posts"}],"about":[{"href":"https:\/\/wp.ufpel.edu.br\/ppgs\/wp-json\/wp\/v2\/types\/post"}],"author":[{"embeddable":true,"href":"https:\/\/wp.ufpel.edu.br\/ppgs\/wp-json\/wp\/v2\/users\/396"}],"replies":[{"embeddable":true,"href":"https:\/\/wp.ufpel.edu.br\/ppgs\/wp-json\/wp\/v2\/comments?post=472"}],"version-history":[{"count":10,"href":"https:\/\/wp.ufpel.edu.br\/ppgs\/wp-json\/wp\/v2\/posts\/472\/revisions"}],"predecessor-version":[{"id":530,"href":"https:\/\/wp.ufpel.edu.br\/ppgs\/wp-json\/wp\/v2\/posts\/472\/revisions\/530"}],"wp:attachment":[{"href":"https:\/\/wp.ufpel.edu.br\/ppgs\/wp-json\/wp\/v2\/media?parent=472"}],"wp:term":[{"taxonomy":"category","embeddable":true,"href":"https:\/\/wp.ufpel.edu.br\/ppgs\/wp-json\/wp\/v2\/categories?post=472"},{"taxonomy":"post_tag","embeddable":true,"href":"https:\/\/wp.ufpel.edu.br\/ppgs\/wp-json\/wp\/v2\/tags?post=472"}],"curies":[{"name":"wp","href":"https:\/\/api.w.org\/{rel}","templated":true}]}}