{"id":3921,"date":"2018-11-19T18:07:41","date_gmt":"2018-11-19T20:07:41","guid":{"rendered":"https:\/\/wp.ufpel.edu.br\/ppgs\/?p=3921"},"modified":"2018-11-23T16:58:00","modified_gmt":"2018-11-23T18:58:00","slug":"seminario-teorias-sociologicas-e-agendas-de-pesquisa-para-pensar-o-brasil-hoje","status":"publish","type":"post","link":"https:\/\/wp.ufpel.edu.br\/ppgs\/2018\/11\/19\/seminario-teorias-sociologicas-e-agendas-de-pesquisa-para-pensar-o-brasil-hoje\/","title":{"rendered":"Semin\u00e1rio \u201cTeorias Sociol\u00f3gicas e agendas de pesquisa para pensar o Brasil hoje\u201d"},"content":{"rendered":"<p><a href=\"https:\/\/i0.wp.com\/wp.ufpel.edu.br\/ppgs\/files\/2018\/11\/tttt.jpg?ssl=1\"><img data-recalc-dims=\"1\" data-attachment-id=\"3923\" data-permalink=\"https:\/\/wp.ufpel.edu.br\/ppgs\/2018\/11\/19\/seminario-teorias-sociologicas-e-agendas-de-pesquisa-para-pensar-o-brasil-hoje\/tttt\/\" data-orig-file=\"https:\/\/i0.wp.com\/wp.ufpel.edu.br\/ppgs\/files\/2018\/11\/tttt.jpg?fit=679%2C960&amp;ssl=1\" data-orig-size=\"679,960\" data-comments-opened=\"0\" data-image-meta=\"{&quot;aperture&quot;:&quot;0&quot;,&quot;credit&quot;:&quot;&quot;,&quot;camera&quot;:&quot;&quot;,&quot;caption&quot;:&quot;&quot;,&quot;created_timestamp&quot;:&quot;0&quot;,&quot;copyright&quot;:&quot;&quot;,&quot;focal_length&quot;:&quot;0&quot;,&quot;iso&quot;:&quot;0&quot;,&quot;shutter_speed&quot;:&quot;0&quot;,&quot;title&quot;:&quot;&quot;,&quot;orientation&quot;:&quot;0&quot;}\" data-image-title=\"tttt\" data-image-description=\"\" data-image-caption=\"\" data-medium-file=\"https:\/\/i0.wp.com\/wp.ufpel.edu.br\/ppgs\/files\/2018\/11\/tttt.jpg?fit=283%2C400&amp;ssl=1\" data-large-file=\"https:\/\/i0.wp.com\/wp.ufpel.edu.br\/ppgs\/files\/2018\/11\/tttt.jpg?fit=679%2C960&amp;ssl=1\" class=\"wp-image-3923 alignleft\" src=\"https:\/\/i0.wp.com\/wp.ufpel.edu.br\/ppgs\/files\/2018\/11\/tttt.jpg?resize=237%2C334&#038;ssl=1\" alt=\"\" width=\"237\" height=\"334\" srcset=\"https:\/\/i0.wp.com\/wp.ufpel.edu.br\/ppgs\/files\/2018\/11\/tttt.jpg?resize=283%2C400&amp;ssl=1 283w, https:\/\/i0.wp.com\/wp.ufpel.edu.br\/ppgs\/files\/2018\/11\/tttt.jpg?w=679&amp;ssl=1 679w\" sizes=\"(max-width: 237px) 100vw, 237px\" \/><\/a><\/p>\n<p>&nbsp;<\/p>\n<p>&nbsp;<\/p>\n<p>&nbsp;<\/p>\n<p>&nbsp;<\/p>\n<p>&nbsp;<\/p>\n<p>&nbsp;<\/p>\n<p>&nbsp;<\/p>\n<p>&nbsp;<\/p>\n<p>&nbsp;<\/p>\n<p>&nbsp;<\/p>\n<p>&nbsp;<\/p>\n<p>&nbsp;<\/p>\n<p>O Programa de P\u00f3s-Gradua\u00e7\u00e3o em Sociologia, da Universidade Federal de Pelotas (PPGS\/UFPel), convida a comunidade acad\u00eamica e demais interessados para o semin\u00e1rio \u201cTeorias Sociol\u00f3gicas e agendas de pesquisa para pensar o Brasil hoje\u201d. O evento\u00a0faz parte de um conjunto de eventos intermedi\u00e1rios ao congresso, e tem como objetivo reunir os pesquisadores do Programa de P\u00f3s-Gradua\u00e7\u00e3o em Sociologia da UFPel e convidados para apresentar suas discuss\u00f5es te\u00f3ricas e pesquisas, que abordem os temas contempor\u00e2neos que permeiam a tem\u00e1tica do 19\u00b0 Congresso da SBS.<\/p>\n<p>A Sociedade Brasileira de Sociologia realizar\u00e1 seu 19\u00ba Congresso entre os dias 9 e 12 de julho de 2019 na Universidade Federal de Santa Catarina, em Florian\u00f3polis, tendo como tema: &#8220;Em que sociedade vivemos? A sociologia diante dos novos desafios locais e globais&#8221;.<\/p>\n<p><strong>PROGRAMA\u00c7\u00c3O<br \/>\n<\/strong>Confira abaixo a programa\u00e7\u00e3o\u00a0 (clique para ampliar).<\/p>\n<p><a href=\"https:\/\/i0.wp.com\/wp.ufpel.edu.br\/ppgs\/files\/2018\/11\/programacao1.png?ssl=1\"><img data-recalc-dims=\"1\" data-attachment-id=\"3963\" data-permalink=\"https:\/\/wp.ufpel.edu.br\/ppgs\/2018\/11\/19\/seminario-teorias-sociologicas-e-agendas-de-pesquisa-para-pensar-o-brasil-hoje\/programacao1\/\" data-orig-file=\"https:\/\/i0.wp.com\/wp.ufpel.edu.br\/ppgs\/files\/2018\/11\/programacao1.png?fit=4112%2C872&amp;ssl=1\" data-orig-size=\"4112,872\" data-comments-opened=\"0\" data-image-meta=\"{&quot;aperture&quot;:&quot;0&quot;,&quot;credit&quot;:&quot;&quot;,&quot;camera&quot;:&quot;&quot;,&quot;caption&quot;:&quot;&quot;,&quot;created_timestamp&quot;:&quot;0&quot;,&quot;copyright&quot;:&quot;&quot;,&quot;focal_length&quot;:&quot;0&quot;,&quot;iso&quot;:&quot;0&quot;,&quot;shutter_speed&quot;:&quot;0&quot;,&quot;title&quot;:&quot;&quot;,&quot;orientation&quot;:&quot;0&quot;}\" data-image-title=\"programacao1\" data-image-description=\"\" data-image-caption=\"\" data-medium-file=\"https:\/\/i0.wp.com\/wp.ufpel.edu.br\/ppgs\/files\/2018\/11\/programacao1.png?fit=400%2C85&amp;ssl=1\" data-large-file=\"https:\/\/i0.wp.com\/wp.ufpel.edu.br\/ppgs\/files\/2018\/11\/programacao1.png?fit=1024%2C217&amp;ssl=1\" class=\"alignleft wp-image-3963 size-large\" src=\"https:\/\/i0.wp.com\/wp.ufpel.edu.br\/ppgs\/files\/2018\/11\/programacao1.png?resize=1024%2C217&#038;ssl=1\" alt=\"\" width=\"1024\" height=\"217\" srcset=\"https:\/\/i0.wp.com\/wp.ufpel.edu.br\/ppgs\/files\/2018\/11\/programacao1.png?resize=1024%2C217&amp;ssl=1 1024w, https:\/\/i0.wp.com\/wp.ufpel.edu.br\/ppgs\/files\/2018\/11\/programacao1.png?resize=400%2C85&amp;ssl=1 400w, https:\/\/i0.wp.com\/wp.ufpel.edu.br\/ppgs\/files\/2018\/11\/programacao1.png?resize=768%2C163&amp;ssl=1 768w, https:\/\/i0.wp.com\/wp.ufpel.edu.br\/ppgs\/files\/2018\/11\/programacao1.png?w=2000&amp;ssl=1 2000w, https:\/\/i0.wp.com\/wp.ufpel.edu.br\/ppgs\/files\/2018\/11\/programacao1.png?w=3000&amp;ssl=1 3000w\" sizes=\"(max-width: 1000px) 100vw, 1000px\" \/><\/a><\/p>\n<p>&nbsp;<\/p>\n","protected":false},"excerpt":{"rendered":"<p>&nbsp; &nbsp; &nbsp; &nbsp; &nbsp; &nbsp; &nbsp; &nbsp; &nbsp; &nbsp; &nbsp; &nbsp; O Programa de P\u00f3s-Gradua\u00e7\u00e3o em Sociologia, da Universidade Federal de Pelotas (PPGS\/UFPel), convida a comunidade acad\u00eamica e demais interessados para o semin\u00e1rio \u201cTeorias Sociol\u00f3gicas e agendas de pesquisa para pensar o Brasil hoje\u201d. O evento\u00a0faz parte de um conjunto de eventos intermedi\u00e1rios ao [&hellip;]<\/p>\n","protected":false},"author":396,"featured_media":0,"comment_status":"closed","ping_status":"closed","sticky":false,"template":"","format":"standard","meta":{"jetpack_post_was_ever_published":false,"_jetpack_newsletter_access":"","_jetpack_dont_email_post_to_subs":false,"_jetpack_newsletter_tier_id":0,"_jetpack_memberships_contains_paywalled_content":false,"_jetpack_memberships_contains_paid_content":false,"footnotes":"","jetpack_publicize_message":"","jetpack_publicize_feature_enabled":true,"jetpack_social_post_already_shared":true,"jetpack_social_options":{"image_generator_settings":{"template":"highway","default_image_id":0,"font":"","enabled":false},"version":2}},"categories":[18],"tags":[],"class_list":["post-3921","post","type-post","status-publish","format-standard","hentry","category-sem-categoria"],"jetpack_publicize_connections":[],"jetpack_featured_media_url":"","jetpack_sharing_enabled":true,"jetpack_shortlink":"https:\/\/wp.me\/p9dZ0f-11f","jetpack_likes_enabled":true,"jetpack-related-posts":[],"_links":{"self":[{"href":"https:\/\/wp.ufpel.edu.br\/ppgs\/wp-json\/wp\/v2\/posts\/3921","targetHints":{"allow":["GET"]}}],"collection":[{"href":"https:\/\/wp.ufpel.edu.br\/ppgs\/wp-json\/wp\/v2\/posts"}],"about":[{"href":"https:\/\/wp.ufpel.edu.br\/ppgs\/wp-json\/wp\/v2\/types\/post"}],"author":[{"embeddable":true,"href":"https:\/\/wp.ufpel.edu.br\/ppgs\/wp-json\/wp\/v2\/users\/396"}],"replies":[{"embeddable":true,"href":"https:\/\/wp.ufpel.edu.br\/ppgs\/wp-json\/wp\/v2\/comments?post=3921"}],"version-history":[{"count":13,"href":"https:\/\/wp.ufpel.edu.br\/ppgs\/wp-json\/wp\/v2\/posts\/3921\/revisions"}],"predecessor-version":[{"id":3964,"href":"https:\/\/wp.ufpel.edu.br\/ppgs\/wp-json\/wp\/v2\/posts\/3921\/revisions\/3964"}],"wp:attachment":[{"href":"https:\/\/wp.ufpel.edu.br\/ppgs\/wp-json\/wp\/v2\/media?parent=3921"}],"wp:term":[{"taxonomy":"category","embeddable":true,"href":"https:\/\/wp.ufpel.edu.br\/ppgs\/wp-json\/wp\/v2\/categories?post=3921"},{"taxonomy":"post_tag","embeddable":true,"href":"https:\/\/wp.ufpel.edu.br\/ppgs\/wp-json\/wp\/v2\/tags?post=3921"}],"curies":[{"name":"wp","href":"https:\/\/api.w.org\/{rel}","templated":true}]}}