{"id":3915,"date":"2018-11-13T16:05:48","date_gmt":"2018-11-13T18:05:48","guid":{"rendered":"https:\/\/wp.ufpel.edu.br\/ppgs\/?p=3915"},"modified":"2026-04-20T13:29:40","modified_gmt":"2026-04-20T16:29:40","slug":"lancamento-do-livro-a-sociologia-enraizada-de-jose-de-souza-martins","status":"publish","type":"post","link":"https:\/\/wp.ufpel.edu.br\/ppgs\/2018\/11\/13\/lancamento-do-livro-a-sociologia-enraizada-de-jose-de-souza-martins\/","title":{"rendered":"Lan\u00e7amento do livro &#8220;A Sociologia enraizada de Jos\u00e9 de Souza Martins&#8221;"},"content":{"rendered":"<p><a href=\"https:\/\/i0.wp.com\/wp.ufpel.edu.br\/ppgs\/files\/2018\/11\/jose-souza.png?ssl=1\"><img data-recalc-dims=\"1\" data-attachment-id=\"3890\" data-permalink=\"https:\/\/wp.ufpel.edu.br\/ppgs\/producaoeeventos\/livros\/jose-souza\/\" data-orig-file=\"https:\/\/i0.wp.com\/wp.ufpel.edu.br\/ppgs\/files\/2018\/11\/jose-souza.png?fit=323%2C465&amp;ssl=1\" data-orig-size=\"323,465\" data-comments-opened=\"0\" data-image-meta=\"{&quot;aperture&quot;:&quot;0&quot;,&quot;credit&quot;:&quot;&quot;,&quot;camera&quot;:&quot;&quot;,&quot;caption&quot;:&quot;&quot;,&quot;created_timestamp&quot;:&quot;0&quot;,&quot;copyright&quot;:&quot;&quot;,&quot;focal_length&quot;:&quot;0&quot;,&quot;iso&quot;:&quot;0&quot;,&quot;shutter_speed&quot;:&quot;0&quot;,&quot;title&quot;:&quot;&quot;,&quot;orientation&quot;:&quot;0&quot;}\" data-image-title=\"jose souza\" data-image-description=\"\" data-image-caption=\"\" data-medium-file=\"https:\/\/i0.wp.com\/wp.ufpel.edu.br\/ppgs\/files\/2018\/11\/jose-souza.png?fit=278%2C400&amp;ssl=1\" data-large-file=\"https:\/\/i0.wp.com\/wp.ufpel.edu.br\/ppgs\/files\/2018\/11\/jose-souza.png?fit=323%2C465&amp;ssl=1\" class=\"alignleft wp-image-3890 \" src=\"https:\/\/i0.wp.com\/wp.ufpel.edu.br\/ppgs\/files\/2018\/11\/jose-souza.png?resize=197%2C212&#038;ssl=1\" alt=\"\" width=\"197\" height=\"212\" \/><\/a><\/p>\n<p>&nbsp;<\/p>\n<p>&nbsp;<\/p>\n<p>&nbsp;<\/p>\n<p>&nbsp;<\/p>\n<p>&nbsp;<\/p>\n<p>&nbsp;<\/p>\n<p>&nbsp;<\/p>\n<p>&nbsp;<\/p>\n<p>No pr\u00f3ximo dia 24, ocorre o lan\u00e7amento do livro &#8220;A Sociologia enraizada de Jos\u00e9 de Souza Martins&#8221; pela editora Laborat\u00f3rio do Curso de Editora\u00e7\u00e3o &#8211; ECA\/USP. Organizada por Fraya Frehse, a obra conta com cap\u00edtulo de autoria do professor do PPGS, Dr. William H\u00e9ctor G\u00f3mez Soto.<\/p>\n<p><strong>Data<\/strong>: 24 de novembro de 2018<\/p>\n<p><strong>Hor\u00e1rio:<\/strong>\u00a0\u00e0s 11hs00min<\/p>\n<p><strong>Local<\/strong>: Livraria da Vila (Alameda Lorena, n\u00b0 1731) &#8211; Jardim Paulista &#8211; S\u00e3o Paulo\/SP<\/p>\n","protected":false},"excerpt":{"rendered":"<p>&nbsp; &nbsp; &nbsp; &nbsp; &nbsp; &nbsp; &nbsp; &nbsp; No pr\u00f3ximo dia 24, ocorre o lan\u00e7amento do livro &#8220;A Sociologia enraizada de Jos\u00e9 de Souza Martins&#8221; pela editora Laborat\u00f3rio do Curso de Editora\u00e7\u00e3o &#8211; ECA\/USP. Organizada por Fraya Frehse, a obra conta com cap\u00edtulo de autoria do professor do PPGS, Dr. William H\u00e9ctor G\u00f3mez Soto. Data: [&hellip;]<\/p>\n","protected":false},"author":396,"featured_media":0,"comment_status":"closed","ping_status":"closed","sticky":false,"template":"","format":"standard","meta":{"jetpack_post_was_ever_published":false,"_jetpack_newsletter_access":"","_jetpack_dont_email_post_to_subs":false,"_jetpack_newsletter_tier_id":0,"_jetpack_memberships_contains_paywalled_content":false,"_jetpack_memberships_contains_paid_content":false,"footnotes":"","jetpack_publicize_message":"","jetpack_publicize_feature_enabled":true,"jetpack_social_post_already_shared":true,"jetpack_social_options":{"image_generator_settings":{"template":"highway","default_image_id":0,"font":"","enabled":false},"version":2}},"categories":[73215],"tags":[],"class_list":["post-3915","post","type-post","status-publish","format-standard","hentry","category-livros"],"jetpack_publicize_connections":[],"jetpack_featured_media_url":"","jetpack_sharing_enabled":true,"jetpack_shortlink":"https:\/\/wp.me\/p9dZ0f-119","jetpack_likes_enabled":true,"jetpack-related-posts":[],"_links":{"self":[{"href":"https:\/\/wp.ufpel.edu.br\/ppgs\/wp-json\/wp\/v2\/posts\/3915","targetHints":{"allow":["GET"]}}],"collection":[{"href":"https:\/\/wp.ufpel.edu.br\/ppgs\/wp-json\/wp\/v2\/posts"}],"about":[{"href":"https:\/\/wp.ufpel.edu.br\/ppgs\/wp-json\/wp\/v2\/types\/post"}],"author":[{"embeddable":true,"href":"https:\/\/wp.ufpel.edu.br\/ppgs\/wp-json\/wp\/v2\/users\/396"}],"replies":[{"embeddable":true,"href":"https:\/\/wp.ufpel.edu.br\/ppgs\/wp-json\/wp\/v2\/comments?post=3915"}],"version-history":[{"count":2,"href":"https:\/\/wp.ufpel.edu.br\/ppgs\/wp-json\/wp\/v2\/posts\/3915\/revisions"}],"predecessor-version":[{"id":3918,"href":"https:\/\/wp.ufpel.edu.br\/ppgs\/wp-json\/wp\/v2\/posts\/3915\/revisions\/3918"}],"wp:attachment":[{"href":"https:\/\/wp.ufpel.edu.br\/ppgs\/wp-json\/wp\/v2\/media?parent=3915"}],"wp:term":[{"taxonomy":"category","embeddable":true,"href":"https:\/\/wp.ufpel.edu.br\/ppgs\/wp-json\/wp\/v2\/categories?post=3915"},{"taxonomy":"post_tag","embeddable":true,"href":"https:\/\/wp.ufpel.edu.br\/ppgs\/wp-json\/wp\/v2\/tags?post=3915"}],"curies":[{"name":"wp","href":"https:\/\/api.w.org\/{rel}","templated":true}]}}