{"id":391,"date":"2014-07-28T17:49:25","date_gmt":"2014-07-28T20:49:25","guid":{"rendered":"https:\/\/wp.ufpel.edu.br\/ppgs\/?p=391"},"modified":"2014-07-28T17:49:25","modified_gmt":"2014-07-28T20:49:25","slug":"confira-as-disciplinas-disponiveis-para-alunos-especiais","status":"publish","type":"post","link":"https:\/\/wp.ufpel.edu.br\/ppgs\/2014\/07\/28\/confira-as-disciplinas-disponiveis-para-alunos-especiais\/","title":{"rendered":"Confira as disciplinas dispon\u00edveis para alunos especiais"},"content":{"rendered":"<p>As inscri\u00e7\u00f5es para os alunos especiais ser\u00e3o realizadas no dia 11 de agosto na Secretaria do PPGS, das 9hs \u00e0s 12hs. Em breve o edital ser\u00e1 divulgado.<\/p>\n<p><strong>Veja as disciplinas com vagas dispon\u00edveis:<\/strong><\/p>\n<p><!--more--><\/p>\n<p><em><strong>Disciplina: Fundamentos de Sociologia<\/strong><\/em><\/p>\n<p><strong>Total de vagas:<\/strong> 15<\/p>\n<p><strong>Dia e Hor\u00e1rio:<\/strong> segunda-feira, das 14h \u00e0s 17h30min [In\u00edcio: 18 de agosto de 2014]<\/p>\n<p><strong>Local:<\/strong> IFISP &#8211; Rua Cel. Alberto Rosa<\/p>\n<p><strong>Ministrante:<\/strong> Prof. Dr. Pedro Robertt, Prof. Dr.William H\u00e9ctor G\u00f3mez Soto, Prof\u00aa. Dr\u00aa.Elaine da Silveira Leite<\/p>\n<p><strong>Carga Hor\u00e1ria\/Cr\u00e9ditos:<\/strong> 34h\/2 cr\u00e9ditos<\/p>\n<p><strong>Ementa:<\/strong> A disciplina visa discutir a forma\u00e7\u00e3o do pensamento sociol\u00f3gico cl\u00e1ssico para a compreens\u00e3o das sociedades modernas no contexto das transforma\u00e7\u00f5es econ\u00f4micas, pol\u00edtica e sociais, promovidas pela emerg\u00eancia das sociedades capitalistas, industriais da virada dos S\u00e9culos XVIII e XIX. Para tal ser\u00e3o abordados os seguintes pontos: o contexto hist\u00f3rico do aparecimento da sociologia; o materialismo hist\u00f3rico dial\u00e9tico de Karl Marx; o funcionalismo de \u00c9mile Durkheim; e, a sociologia compressiva de Max Weber.<\/p>\n<p>&nbsp;<\/p>\n<p><em><strong>Semin\u00e1rio Avan\u00e7ado: Pesquisa Quantitativa em Sociologia com o Programa SPSS<\/strong><\/em><\/p>\n<p><strong>Total de vagas:<\/strong> 08<\/p>\n<p><strong>Dia e Hor\u00e1rio:<\/strong> sexta-feira, das 14h30min \u00e0s 18hs [In\u00edcio: 17 de outubro de 2014]<\/p>\n<p><strong>Local:<\/strong> IFISP &#8211; Rua Cel. Alberto Rosa<\/p>\n<p><strong>Ministrante:<\/strong> Prof. Dr. Pedro Robertt<\/p>\n<p><strong>Carga Hor\u00e1ria\/Cr\u00e9ditos:<\/strong> 34h\/2 cr\u00e9ditos<\/p>\n<p><strong>Ementa:\u00a0<\/strong>No\u00e7\u00f5es gerais de metodologia da pesquisa quantitativa. Constru\u00e7\u00f5es e importa\u00e7\u00e3o de bases de dados. Manipula\u00e7\u00e3o de dados e transforma\u00e7\u00e3o de bases de dados. An\u00e1lise de frequ\u00eancias e c\u00e1lculo de medidas de tend\u00eancia central. Tipos de vari\u00e1veis, tabelas estat\u00edsticas e c\u00e1lculo de coeficientes de associa\u00e7\u00e3o. An\u00e1lise de Regress\u00e3o e de Correla\u00e7\u00e3o. An\u00e1lise Fatorial, An\u00e1lise de Cluster e An\u00e1lise de Correspond\u00eancia.<\/p>\n<p>&nbsp;<\/p>\n<p><em><strong>Disciplina: Sociologia do trabalho<\/strong><\/em><\/p>\n<p><strong>Total de vagas:<\/strong> 15<\/p>\n<p><strong>Dia e Hor\u00e1rio:<\/strong> ter\u00e7a-feira, das 14h \u00e0s 17h30min [In\u00edcio: 19 de agosto de 2014]<\/p>\n<p><strong>Local:<\/strong> IFISP &#8211; Rua Cel. Alberto Rosa<\/p>\n<p><strong>Ministrante:<\/strong> Prof. Dr. Attila Magno e Silva Barbosa<\/p>\n<p><strong>Carga Hor\u00e1ria\/Cr\u00e9ditos:<\/strong> 68h\/4 cr\u00e9ditos<\/p>\n<p><strong>Ementa:<\/strong> Discute o papel do trabalho na sociedade capitalista e suas transforma\u00e7\u00f5es atuais, procurando analisar as mudan\u00e7as tecnol\u00f3gicas e organizacionais no mundo de trabalho e suas implica\u00e7\u00f5es na constitui\u00e7\u00e3o de identidades sociais, atores coletivos, movimentos sociais e pol\u00edticos. Para tal os temas norteadores s\u00e3o: a sociologia e o debate sobre a centralidade da categoria trabalho; a organiza\u00e7\u00e3o cient\u00edfica do trabalho: taylorismo e fordismo; toyotismo e reestrutura\u00e7\u00e3o produtiva; a crise do projeto de \u201csociedade salarial\u201d e a \u201cnova quest\u00e3o social\u201d; a fragmenta\u00e7\u00e3o da classe trabalhadora; a\u00e7\u00e3o coletiva, cidadania e direitos sociais no Brasil; mercado de trabalho hoje:\u00a0 a quest\u00e3o da flexibilidade, a \u201cnova informalidade\u201d, terceiriza\u00e7\u00e3o e formas de trabalho at\u00edpico; economia solid\u00e1ria e trabalho autogestion\u00e1rio; a divis\u00e3o sexual do trabalho; o novo mundo do trabalho e os trabalhadores.<\/p>\n<p>&nbsp;<\/p>\n<p><em><strong>Disciplina: Ra\u00e7a, etnia e desigualdade social no Brasil<\/strong><\/em><\/p>\n<p><strong>Total de vagas:<\/strong> 15<\/p>\n<p><strong>Dia e Hor\u00e1rio:<\/strong> quarta-feira, das 9h \u00e0s 12h30min <em>[In\u00edcio: 20 de agosto de 2014]<\/em><\/p>\n<p><strong>Local:<\/strong> IFISP &#8211; Rua Cel. Alberto Rosa<\/p>\n<p><strong>Ministrante:<\/strong> Prof. Dr. Marcus Vinicius Spolle<\/p>\n<p><strong>Carga Hor\u00e1ria\/Cr\u00e9ditos:<\/strong> 68h\/4 cr\u00e9ditos<\/p>\n<p><strong>Ementa:<\/strong> A disciplina discute a ideia de modernidade, constru\u00edda pelo pensamento social brasileiro, a partir do final do s\u00e9culo XIX, atrav\u00e9s do conceito de ra\u00e7a, e a forma\u00e7\u00e3o da identidade nacional brasileira, na d\u00e9cada de 30 do s\u00e9culo XX, utilizando a no\u00e7\u00e3o de etnia. Al\u00e9m disso, tamb\u00e9m trabalha a reatualiza\u00e7\u00e3o dessa ideia a partir da forma\u00e7\u00e3o de uma sociedade de consumo de massas, nos anos 70, e a globaliza\u00e7\u00e3o, a partir dos anos 90, principalmente, atrav\u00e9s das teorias p\u00f3s-colonialistas. A \u00eanfase da disciplina est\u00e1 na discuss\u00e3o da busca de uma identidade nacional e na constru\u00e7\u00e3o da ideia de modernidade e seus reflexos, principalmente a discuss\u00e3o da manuten\u00e7\u00e3o das desigualdades sociais e raciais no Brasil.<\/p>\n<p>&nbsp;<\/p>\n<p><em><strong>Disciplina: Desenvolvimento e Meio Ambiente<\/strong><\/em><\/p>\n<p><strong>Total de vagas:<\/strong> 06<\/p>\n<p><strong>Dia e Hor\u00e1rio:<\/strong> quarta-feira, das 14h \u00e0s 17h30min [In\u00edcio: 20 de agosto de 2014]<\/p>\n<p><strong>Local:<\/strong> IFISP &#8211; Rua Cel. Alberto Rosa<\/p>\n<p><strong>Ministrante:<\/strong> Prof. Dr. William H\u00e9ctor G\u00f3mez Soto<\/p>\n<p><strong>Carga Hor\u00e1ria\/Cr\u00e9ditos:<\/strong> 68h\/4 cr\u00e9ditos<\/p>\n<p><strong>Ementa:<\/strong> A disciplina tem como objeto central a an\u00e1lise das contradi\u00e7\u00f5es entre os processos de desenvolvimento e o meio ambiente a partir da perspectiva de uma sociologia que dialoga com outras disciplinas como a economia, a hist\u00f3ria, a pol\u00edtica entre outras. Discute criticamente as novas interpreta\u00e7\u00f5es do desenvolvimento, especialmente a perspectiva das priva\u00e7\u00f5es de capacidades de Amartya Sen, resgatando as ideias de pensadores como Celso Furtado e sua cr\u00edtica ao desenvolvimento como mito; de Florestan Fernandes e sua cr\u00edtica ao subdesenvolvimento; de Fernando Henrique Cardoso e sua teoria da depend\u00eancia; ainda\u00a0 busca discutir as interpreta\u00e7\u00f5es hegem\u00f4nicas do desenvolvimento centradas numa vis\u00e3o quantitativa e produtivista\u00a0 que continuam a influenciar as a\u00e7\u00f5es, as pol\u00edticas e os programas dos governos.\u00a0 Num sentido amplo a disciplina aborda as rela\u00e7\u00f5es entre natureza e sociedade como um novo campo de estudos interdisciplinar, mas que s\u00e3o abordadas a partir da perspectiva sociol\u00f3gica. Presta aten\u00e7\u00e3o ao surgimento e \u00e0 contribui\u00e7\u00e3o da sociologia ambiental no Brasil e em outros pa\u00edses, avalia os avan\u00e7os das pesquisas neste campo, sua evolu\u00e7\u00e3o, dilemas, desafios, novos conceitos e m\u00e9todos.<\/p>\n<p>&nbsp;<\/p>\n<p><em><strong>Disciplina: Sociologia Jur\u00eddica: a constitui\u00e7\u00e3o da norma na sociedade<\/strong><\/em><\/p>\n<p><strong>Total de vagas:<\/strong> 15<\/p>\n<p><strong>Dia e Hor\u00e1rio:<\/strong> quinta-feira, das 9h \u00e0s 12h30min [In\u00edcio: 21 de agosto de 2014]<\/p>\n<p><strong>Local:<\/strong> IFISP &#8211; Rua Cel. Alberto Rosa<\/p>\n<p><strong>Ministrante:<\/strong> Prof. Dr. Guilherme Massa\u00fa<\/p>\n<p><strong>Carga Hor\u00e1ria\/Cr\u00e9ditos:<\/strong> 68h\/4 cr\u00e9ditos<\/p>\n<p><strong>Ementa:<\/strong> A disciplina discute a problem\u00e1tica do fen\u00f4meno jur\u00eddico na perspectiva da sociologia a partir das dimens\u00f5es s\u00f3cio-jur\u00eddicas latentes nas rela\u00e7\u00f5es intersubjetivas e interculturais oriundas da din\u00e2mica social. Para tanto, aborda quest\u00f5es pertinentes \u00e0 influ\u00eancia do direito na sociedade e da sociedade no direito no que diz respeito ao reconhecimento das manifesta\u00e7\u00f5es sociais como eventos normativos, isto \u00e9 sua influ\u00eancia sobre a constitui\u00e7\u00e3o da dimens\u00e3o jur\u00eddico-normativa.<\/p>\n<p>&nbsp;<\/p>\n<p><em><strong>Disciplina: Sociologia Econ\u00f4mica<\/strong><\/em><\/p>\n<p><strong>Total de vagas:<\/strong> 15<\/p>\n<p><strong>Dia e Hor\u00e1rio:<\/strong> sexta-feira, das 9h \u00e0s 12h30min [In\u00edcio: 22 de agosto de 2014]<\/p>\n<p><strong>Local:<\/strong> IFISP &#8211; Rua Cel. Alberto Rosa<\/p>\n<p><strong>Ministrante:<\/strong> Profa. Dra. Elaine da Silveira Leite<\/p>\n<p><strong>Carga Hor\u00e1ria\/Cr\u00e9ditos:<\/strong> 68h\/4 cr\u00e9ditos<\/p>\n<p><strong>Ementa:<\/strong> A disciplina pretende apontar e discutir a principais linhas de pesquisa da Sociologia Econ\u00f4mica, perpassando pelas seguintes tem\u00e1ticas: (1) introdu\u00e7\u00e3o ao estudo da sociologia econ\u00f4mica; (2) a sociologia da vida econ\u00f4mica; (3) o mercado como constru\u00e7\u00e3o social; (4) por uma sociologia econ\u00f4mica do consumo; (5) fam\u00edlia, g\u00eanero.<\/p>\n<p>&nbsp;<\/p>\n","protected":false},"excerpt":{"rendered":"<p>As inscri\u00e7\u00f5es para os alunos especiais ser\u00e3o realizadas no dia 11 de agosto na Secretaria do PPGS, das 9hs \u00e0s 12hs. Em breve o edital ser\u00e1 divulgado. Veja as disciplinas com vagas dispon\u00edveis:<\/p>\n","protected":false},"author":396,"featured_media":0,"comment_status":"closed","ping_status":"closed","sticky":false,"template":"","format":"standard","meta":{"jetpack_post_was_ever_published":false,"_jetpack_newsletter_access":"","_jetpack_dont_email_post_to_subs":false,"_jetpack_newsletter_tier_id":0,"_jetpack_memberships_contains_paywalled_content":false,"_jetpack_memberships_contains_paid_content":false,"footnotes":"","jetpack_publicize_message":"","jetpack_publicize_feature_enabled":true,"jetpack_social_post_already_shared":false,"jetpack_social_options":{"image_generator_settings":{"template":"highway","default_image_id":0,"font":"","enabled":false},"version":2}},"categories":[18],"tags":[],"class_list":["post-391","post","type-post","status-publish","format-standard","hentry","category-sem-categoria"],"jetpack_publicize_connections":[],"jetpack_featured_media_url":"","jetpack_sharing_enabled":true,"jetpack_shortlink":"https:\/\/wp.me\/p9dZ0f-6j","jetpack_likes_enabled":true,"jetpack-related-posts":[],"_links":{"self":[{"href":"https:\/\/wp.ufpel.edu.br\/ppgs\/wp-json\/wp\/v2\/posts\/391","targetHints":{"allow":["GET"]}}],"collection":[{"href":"https:\/\/wp.ufpel.edu.br\/ppgs\/wp-json\/wp\/v2\/posts"}],"about":[{"href":"https:\/\/wp.ufpel.edu.br\/ppgs\/wp-json\/wp\/v2\/types\/post"}],"author":[{"embeddable":true,"href":"https:\/\/wp.ufpel.edu.br\/ppgs\/wp-json\/wp\/v2\/users\/396"}],"replies":[{"embeddable":true,"href":"https:\/\/wp.ufpel.edu.br\/ppgs\/wp-json\/wp\/v2\/comments?post=391"}],"version-history":[{"count":1,"href":"https:\/\/wp.ufpel.edu.br\/ppgs\/wp-json\/wp\/v2\/posts\/391\/revisions"}],"predecessor-version":[{"id":392,"href":"https:\/\/wp.ufpel.edu.br\/ppgs\/wp-json\/wp\/v2\/posts\/391\/revisions\/392"}],"wp:attachment":[{"href":"https:\/\/wp.ufpel.edu.br\/ppgs\/wp-json\/wp\/v2\/media?parent=391"}],"wp:term":[{"taxonomy":"category","embeddable":true,"href":"https:\/\/wp.ufpel.edu.br\/ppgs\/wp-json\/wp\/v2\/categories?post=391"},{"taxonomy":"post_tag","embeddable":true,"href":"https:\/\/wp.ufpel.edu.br\/ppgs\/wp-json\/wp\/v2\/tags?post=391"}],"curies":[{"name":"wp","href":"https:\/\/api.w.org\/{rel}","templated":true}]}}