{"id":3836,"date":"2018-10-30T15:56:02","date_gmt":"2018-10-30T18:56:02","guid":{"rendered":"https:\/\/wp.ufpel.edu.br\/ppgs\/?p=3836"},"modified":"2018-10-30T16:07:14","modified_gmt":"2018-10-30T19:07:14","slug":"palestra-a-justica-e-os-feminicidios-em-pelotas-rs-um-estudo-sobre-classe-raca-e-genero-nesses-crimes","status":"publish","type":"post","link":"https:\/\/wp.ufpel.edu.br\/ppgs\/2018\/10\/30\/palestra-a-justica-e-os-feminicidios-em-pelotas-rs-um-estudo-sobre-classe-raca-e-genero-nesses-crimes\/","title":{"rendered":"Palestra &#8211; A justi\u00e7a e os feminic\u00eddios em Pelotas\/RS: um estudo sobre classe, ra\u00e7a e g\u00eanero nesses crimes"},"content":{"rendered":"<p>O N\u00facleo de Pesquisa Interseccionalidades do PPGS\/UFPel convida a comunidade acad\u00eamica e demais interessados para um momento de reflex\u00e3o quanto ao olhar dirigido \u00e0s mulheres v\u00edtimas de assassinato na perspectiva conduzida pela disserta\u00e7\u00e3o &#8220;A justi\u00e7a e os feminic\u00eddios em Pelotas\/RS: um estudo sobre classe, ra\u00e7a e g\u00eanero nesses crimes&#8221;, de autoria de Carolina Freitas de Oliveira Silva, discente egressa do PPG.<\/p>\n<p>A discuss\u00e3o ser\u00e1 pautada pela leitura da parte inicial desse texto, dispon\u00edvel no seguinte link:<br \/>\n<a href=\"https:\/\/drive.google.com\/file\/d\/1w_EmVrpyZj_kpaIqy7gTWZolSQDNpHc7\/view?usp=drivesdk&amp;fbclid=IwAR2ucMPu5TfHKAkppkJ57gjEdhYEYKHQeJo-419mCJ0WQ8XfFz-mKqT9gjI\" target=\"_blank\" rel=\"nofollow noopener\">https:\/\/drive.google.com\/file\/d\/1w_EmVrpyZj_kpaIqy7gTWZolSQDNpHc7\/view?usp=drivesdk<\/a><\/p>\n<p><strong>Data<\/strong>: 31 de outubro de 2018<\/p>\n<p><strong>Hor\u00e1rio:<\/strong>\u00a0\u00e0s 17hs00min<\/p>\n<p><strong>Local<\/strong>: sala 315, no pr\u00e9dio do IFISP (Rua Coronel Alberto Rosa, n\u00ba 154)<\/p>\n","protected":false},"excerpt":{"rendered":"<p>O N\u00facleo de Pesquisa Interseccionalidades do PPGS\/UFPel convida a comunidade acad\u00eamica e demais interessados para um momento de reflex\u00e3o quanto ao olhar dirigido \u00e0s mulheres v\u00edtimas de assassinato na perspectiva conduzida pela disserta\u00e7\u00e3o &#8220;A justi\u00e7a e os feminic\u00eddios em Pelotas\/RS: um estudo sobre classe, ra\u00e7a e g\u00eanero nesses crimes&#8221;, de autoria de Carolina Freitas de [&hellip;]<\/p>\n","protected":false},"author":396,"featured_media":0,"comment_status":"closed","ping_status":"closed","sticky":false,"template":"","format":"standard","meta":{"jetpack_post_was_ever_published":false,"_jetpack_newsletter_access":"","_jetpack_dont_email_post_to_subs":false,"_jetpack_newsletter_tier_id":0,"_jetpack_memberships_contains_paywalled_content":false,"_jetpack_memberships_contains_paid_content":false,"footnotes":"","jetpack_publicize_message":"","jetpack_publicize_feature_enabled":true,"jetpack_social_post_already_shared":true,"jetpack_social_options":{"image_generator_settings":{"template":"highway","default_image_id":0,"font":"","enabled":false},"version":2}},"categories":[18],"tags":[],"class_list":["post-3836","post","type-post","status-publish","format-standard","hentry","category-sem-categoria"],"jetpack_publicize_connections":[],"jetpack_featured_media_url":"","jetpack_sharing_enabled":true,"jetpack_shortlink":"https:\/\/wp.me\/p9dZ0f-ZS","jetpack_likes_enabled":true,"jetpack-related-posts":[],"_links":{"self":[{"href":"https:\/\/wp.ufpel.edu.br\/ppgs\/wp-json\/wp\/v2\/posts\/3836","targetHints":{"allow":["GET"]}}],"collection":[{"href":"https:\/\/wp.ufpel.edu.br\/ppgs\/wp-json\/wp\/v2\/posts"}],"about":[{"href":"https:\/\/wp.ufpel.edu.br\/ppgs\/wp-json\/wp\/v2\/types\/post"}],"author":[{"embeddable":true,"href":"https:\/\/wp.ufpel.edu.br\/ppgs\/wp-json\/wp\/v2\/users\/396"}],"replies":[{"embeddable":true,"href":"https:\/\/wp.ufpel.edu.br\/ppgs\/wp-json\/wp\/v2\/comments?post=3836"}],"version-history":[{"count":5,"href":"https:\/\/wp.ufpel.edu.br\/ppgs\/wp-json\/wp\/v2\/posts\/3836\/revisions"}],"predecessor-version":[{"id":3847,"href":"https:\/\/wp.ufpel.edu.br\/ppgs\/wp-json\/wp\/v2\/posts\/3836\/revisions\/3847"}],"wp:attachment":[{"href":"https:\/\/wp.ufpel.edu.br\/ppgs\/wp-json\/wp\/v2\/media?parent=3836"}],"wp:term":[{"taxonomy":"category","embeddable":true,"href":"https:\/\/wp.ufpel.edu.br\/ppgs\/wp-json\/wp\/v2\/categories?post=3836"},{"taxonomy":"post_tag","embeddable":true,"href":"https:\/\/wp.ufpel.edu.br\/ppgs\/wp-json\/wp\/v2\/tags?post=3836"}],"curies":[{"name":"wp","href":"https:\/\/api.w.org\/{rel}","templated":true}]}}