{"id":3826,"date":"2018-10-24T12:56:54","date_gmt":"2018-10-24T15:56:54","guid":{"rendered":"https:\/\/wp.ufpel.edu.br\/ppgs\/?p=3826"},"modified":"2018-10-24T13:00:18","modified_gmt":"2018-10-24T16:00:18","slug":"processo-seletivo-mestrado-e-doutorado-2019","status":"publish","type":"post","link":"https:\/\/wp.ufpel.edu.br\/ppgs\/2018\/10\/24\/processo-seletivo-mestrado-e-doutorado-2019\/","title":{"rendered":"Processo Seletivo Mestrado e Doutorado 2019"},"content":{"rendered":"<p>O Programa de P\u00f3s-Gradua\u00e7\u00e3o em Sociologia da Universidade Federal de Pelotas (PPGS\/UFPel) torna p\u00fablico os editais de sele\u00e7\u00e3o de aluno regular para os cursos de Mestrado e Doutorado referentes ao ano letivo de 2019. Os links de acesso aos editais encontram-se disponibilizados abaixo.<\/p>\n<p>&nbsp;<\/p>\n<p><strong><a href=\"https:\/\/wp.ufpel.edu.br\/ppgs\/files\/2018\/10\/edital-selecao-regular-mestrado-sociologia-2019.pdf\">Edital Mestrado 2019<\/a><\/strong><\/p>\n<p><strong><a href=\"https:\/\/wp.ufpel.edu.br\/ppgs\/files\/2018\/10\/edital-selecao-regular-DOUTORADO-sociologia-2019.pdf\">Edital Doutorado 2019<\/a><\/strong><\/p>\n","protected":false},"excerpt":{"rendered":"<p>O Programa de P\u00f3s-Gradua\u00e7\u00e3o em Sociologia da Universidade Federal de Pelotas (PPGS\/UFPel) torna p\u00fablico os editais de sele\u00e7\u00e3o de aluno regular para os cursos de Mestrado e Doutorado referentes ao ano letivo de 2019. Os links de acesso aos editais encontram-se disponibilizados abaixo. &nbsp; Edital Mestrado 2019 Edital Doutorado 2019<\/p>\n","protected":false},"author":396,"featured_media":0,"comment_status":"closed","ping_status":"closed","sticky":false,"template":"","format":"standard","meta":{"jetpack_post_was_ever_published":false,"_jetpack_newsletter_access":"","_jetpack_dont_email_post_to_subs":false,"_jetpack_newsletter_tier_id":0,"_jetpack_memberships_contains_paywalled_content":false,"_jetpack_memberships_contains_paid_content":false,"footnotes":"","jetpack_publicize_message":"","jetpack_publicize_feature_enabled":true,"jetpack_social_post_already_shared":true,"jetpack_social_options":{"image_generator_settings":{"template":"highway","default_image_id":0,"font":"","enabled":false},"version":2}},"categories":[18],"tags":[],"class_list":["post-3826","post","type-post","status-publish","format-standard","hentry","category-sem-categoria"],"jetpack_publicize_connections":[],"jetpack_featured_media_url":"","jetpack_sharing_enabled":true,"jetpack_shortlink":"https:\/\/wp.me\/p9dZ0f-ZI","jetpack_likes_enabled":true,"jetpack-related-posts":[],"_links":{"self":[{"href":"https:\/\/wp.ufpel.edu.br\/ppgs\/wp-json\/wp\/v2\/posts\/3826","targetHints":{"allow":["GET"]}}],"collection":[{"href":"https:\/\/wp.ufpel.edu.br\/ppgs\/wp-json\/wp\/v2\/posts"}],"about":[{"href":"https:\/\/wp.ufpel.edu.br\/ppgs\/wp-json\/wp\/v2\/types\/post"}],"author":[{"embeddable":true,"href":"https:\/\/wp.ufpel.edu.br\/ppgs\/wp-json\/wp\/v2\/users\/396"}],"replies":[{"embeddable":true,"href":"https:\/\/wp.ufpel.edu.br\/ppgs\/wp-json\/wp\/v2\/comments?post=3826"}],"version-history":[{"count":3,"href":"https:\/\/wp.ufpel.edu.br\/ppgs\/wp-json\/wp\/v2\/posts\/3826\/revisions"}],"predecessor-version":[{"id":3834,"href":"https:\/\/wp.ufpel.edu.br\/ppgs\/wp-json\/wp\/v2\/posts\/3826\/revisions\/3834"}],"wp:attachment":[{"href":"https:\/\/wp.ufpel.edu.br\/ppgs\/wp-json\/wp\/v2\/media?parent=3826"}],"wp:term":[{"taxonomy":"category","embeddable":true,"href":"https:\/\/wp.ufpel.edu.br\/ppgs\/wp-json\/wp\/v2\/categories?post=3826"},{"taxonomy":"post_tag","embeddable":true,"href":"https:\/\/wp.ufpel.edu.br\/ppgs\/wp-json\/wp\/v2\/tags?post=3826"}],"curies":[{"name":"wp","href":"https:\/\/api.w.org\/{rel}","templated":true}]}}