{"id":367,"date":"2013-10-27T20:52:42","date_gmt":"2013-10-27T23:52:42","guid":{"rendered":"https:\/\/wp.ufpel.edu.br\/ppgs\/?p=367"},"modified":"2014-07-12T20:54:12","modified_gmt":"2014-07-12T23:54:12","slug":"ppgs-convida-para-palestra-2","status":"publish","type":"post","link":"https:\/\/wp.ufpel.edu.br\/ppgs\/2013\/10\/27\/ppgs-convida-para-palestra-2\/","title":{"rendered":"PPGS convida para palestra"},"content":{"rendered":"<p class=\"text11\">Na pr\u00f3xima\u00a0ter\u00e7a feira, (29)\u00a0o Programa de P\u00f3s-Gradua\u00e7\u00e3o em Sociologia junto com o Curso de Especializa\u00e7\u00e3o em Direito Ambiental da Universidade Federal de Pelotas convidam \u00e0\u00a0palestra da fil\u00f3sofa colombiana Profa. Dra. Ana Patricia Noguera, sobre o tema: &#8220;Crise Civilizat\u00f3ria e Pensamento Ambiental&#8221;.<\/p>\n<p class=\"text11\">Ana Patricia Noguera \u00e9 doutora em Filosofia da Educa\u00e7\u00e3o pela Universidade Estadual de Campinas, com contribui\u00e7\u00f5es filos\u00f3ficas para a constru\u00e7\u00e3o de um pensamento ambiental desde a \u00e9tica, a est\u00e9tica e a fenomenologia. Fez seu p\u00f3s-doutorado na Universidade de Barcelona, com o antrop\u00f3logo Manuel Delgado. Atualmente \u00e9 professora titular e em\u00e9rita pela Universidade Nacional da Col\u00f4mbia, com sede em Manizales, coordenadora da Rede Latino-americana de Pensamento Ambiental, fundadora e diretora da revista &#8220;Ideas Ambientales&#8221; da Universidade Nacional da Col\u00f4mbia. e coordenadora do Grupo de Pesquisa &#8220;Pensamento Ambiental&#8221; cadastrado no Colciencias, ag\u00eancia que rege a pesquisa na Col\u00f4mbia. Tem in\u00fameras publica\u00e7\u00f5es em congressos, peri\u00f3dicos e livros publicados em diversos pa\u00edses da Am\u00e9rica Latina, dialogando com os principais pensadores e pesquisadores da quest\u00e3o ambiental. Sua obra dialoga com o pensamento filos\u00f3fico, com a ci\u00eancia moderna e com a realidade social e ambiental dos pa\u00edses latino-americanos.<\/p>\n<p class=\"text11\"><strong>Dados da Palestra<\/strong><\/p>\n<p><strong>Profa Dra. Ana Patricia Noguera<br \/>\nTema: Crise Civilizat\u00f3ria e Pensamento Ambiental<br \/>\nDia: ter\u00e7a-feira 29\/10\/2013 &#8211; 17 hs.<br \/>\nLocal: Instituto de Filosofia, Sociologia e Pol\u00edtica, Sala 309, 3\u00ba andar.<\/strong><\/p>\n","protected":false},"excerpt":{"rendered":"<p>Na pr\u00f3xima\u00a0ter\u00e7a feira, (29)\u00a0o Programa de P\u00f3s-Gradua\u00e7\u00e3o em Sociologia junto com o Curso de Especializa\u00e7\u00e3o em Direito Ambiental da Universidade Federal de Pelotas convidam \u00e0\u00a0palestra da fil\u00f3sofa colombiana Profa. Dra. Ana Patricia Noguera, sobre o tema: &#8220;Crise Civilizat\u00f3ria e Pensamento Ambiental&#8221;. Ana Patricia Noguera \u00e9 doutora em Filosofia da Educa\u00e7\u00e3o pela Universidade Estadual de Campinas, [&hellip;]<\/p>\n","protected":false},"author":396,"featured_media":0,"comment_status":"closed","ping_status":"closed","sticky":false,"template":"","format":"standard","meta":{"jetpack_post_was_ever_published":false,"_jetpack_newsletter_access":"","_jetpack_dont_email_post_to_subs":false,"_jetpack_newsletter_tier_id":0,"_jetpack_memberships_contains_paywalled_content":false,"_jetpack_memberships_contains_paid_content":false,"footnotes":"","jetpack_publicize_message":"","jetpack_publicize_feature_enabled":true,"jetpack_social_post_already_shared":false,"jetpack_social_options":{"image_generator_settings":{"template":"highway","default_image_id":0,"font":"","enabled":false},"version":2}},"categories":[18],"tags":[],"class_list":["post-367","post","type-post","status-publish","format-standard","hentry","category-sem-categoria"],"jetpack_publicize_connections":[],"jetpack_featured_media_url":"","jetpack_sharing_enabled":true,"jetpack_shortlink":"https:\/\/wp.me\/p9dZ0f-5V","jetpack_likes_enabled":true,"jetpack-related-posts":[],"_links":{"self":[{"href":"https:\/\/wp.ufpel.edu.br\/ppgs\/wp-json\/wp\/v2\/posts\/367","targetHints":{"allow":["GET"]}}],"collection":[{"href":"https:\/\/wp.ufpel.edu.br\/ppgs\/wp-json\/wp\/v2\/posts"}],"about":[{"href":"https:\/\/wp.ufpel.edu.br\/ppgs\/wp-json\/wp\/v2\/types\/post"}],"author":[{"embeddable":true,"href":"https:\/\/wp.ufpel.edu.br\/ppgs\/wp-json\/wp\/v2\/users\/396"}],"replies":[{"embeddable":true,"href":"https:\/\/wp.ufpel.edu.br\/ppgs\/wp-json\/wp\/v2\/comments?post=367"}],"version-history":[{"count":1,"href":"https:\/\/wp.ufpel.edu.br\/ppgs\/wp-json\/wp\/v2\/posts\/367\/revisions"}],"predecessor-version":[{"id":368,"href":"https:\/\/wp.ufpel.edu.br\/ppgs\/wp-json\/wp\/v2\/posts\/367\/revisions\/368"}],"wp:attachment":[{"href":"https:\/\/wp.ufpel.edu.br\/ppgs\/wp-json\/wp\/v2\/media?parent=367"}],"wp:term":[{"taxonomy":"category","embeddable":true,"href":"https:\/\/wp.ufpel.edu.br\/ppgs\/wp-json\/wp\/v2\/categories?post=367"},{"taxonomy":"post_tag","embeddable":true,"href":"https:\/\/wp.ufpel.edu.br\/ppgs\/wp-json\/wp\/v2\/tags?post=367"}],"curies":[{"name":"wp","href":"https:\/\/api.w.org\/{rel}","templated":true}]}}