{"id":3591,"date":"2018-07-13T00:14:43","date_gmt":"2018-07-13T03:14:43","guid":{"rendered":"https:\/\/wp.ufpel.edu.br\/ppgs\/?p=3591"},"modified":"2018-08-09T14:12:32","modified_gmt":"2018-08-09T17:12:32","slug":"disciplinas-do-ppgs-ufpel-para-o-2o-semestre-de-2018","status":"publish","type":"post","link":"https:\/\/wp.ufpel.edu.br\/ppgs\/2018\/07\/13\/disciplinas-do-ppgs-ufpel-para-o-2o-semestre-de-2018\/","title":{"rendered":"Disciplinas do PPGS\/UFPel para o 2\u00ba semestre de 2018"},"content":{"rendered":"<p>Abaixo\u00a0todas as disciplinas que ser\u00e3o ofertadas durante o segundo\u00a0semestre de 2018 pelo Programa de P\u00f3s-Gradua\u00e7\u00e3o em Sociologia da Universidade Federal de Pelotas:<\/p>\n<p>&nbsp;<\/p>\n<p><strong>DISCIPLINAS OBRIGAT\u00d3RIAS<\/strong> \u2013\u00a0\u00a0(Ofertadas apenas para alunos regulares do PPGSociologia).<\/p>\n<p><strong>Teoria Sociol\u00f3gica II<\/strong>\u00a0\u2013 (4crs). Prof. Leo P. Rodrigues. Quinta-feira (14hs) In\u00edcio:\u00a016\/08\/2018.<\/p>\n<p><strong>Semin\u00e1rio de Disserta\u00e7\u00e3o<\/strong>\u00a0\u2013 (2 crs). Profa. Elaine da Silveira Leite. Sexta-feira (14hs). In\u00edcio: 24\/08\/2018.<\/p>\n<p><strong>\u00a0<\/strong><\/p>\n<p><strong>DISCIPLINAS OPTATIVAS<\/strong>\u00a0\u2013\u00a0\u00a0(Ofertadas para alunos regulares e especiais).<\/p>\n<p><strong>Semin\u00e1rios: Discutindo a modernidade hoje: discursos, desigualdades e emo\u00e7\u00f5es <\/strong>\u2013 (1crs). Professores: Carmen Marim\u00f3n Llorca\u00a0e \u00a0Juan Antonio Roche C\u00e1rcel. Disciplina concentrada: 28 e 29 de agosto (18hs).<\/p>\n<p><strong>Pesquisa em Ci\u00eancias Sociais com software quantitativo \u2013<\/strong> (2crs). Prof. Pedro Robertt. Segunda-feira (14hs). In\u00edcio: 20\/08\/2018.<\/p>\n<p><strong>Pesquisa em Ci\u00eancias Sociais com software qualitativo<\/strong> \u2013 (2crs). Prof. Pedro Robertt. Segunda-feira (14hs). In\u00edcio [Previs\u00e3o]: 15\/10\/2018.<\/p>\n<p><strong>Fundamentos em Sociologia<\/strong>\u00a0\u2013 (2 crs). Prof. Attila Magno e Silva Barbosa. Segunda-feira (14hs). In\u00edcio 20\/08\/2018.<\/p>\n<p><strong>Ra\u00e7a, etnia e desigualdade social no Brasil<\/strong>\u00a0\u2013 (4crs). Prof. Marcus V. Spolle. Ter\u00e7a-feira (14hs). In\u00edcio: 21\/08\/2018.<\/p>\n<p><strong>T\u00f3picos I: Introdu\u00e7\u00e3o \u00e0 sociologia pragm\u00e1tica da cr\u00edtica<\/strong> \u2013 (1 crs). Profa. Thays Mossi. Ter\u00e7a-feira (9hs). In\u00edcio: 04\/09\/208 (periodicidade quinzenal).<\/p>\n<p><strong>Sociologia Econ\u00f4mica<\/strong>\u00a0\u2013 (4crs). Profa. Elaine da Silveira Leite. Quarta-feira (19hs). In\u00edcio: 22\/08\/2018.<\/p>\n<p><strong>Sociologia das Cidades \u2013 <\/strong>(4crs). Profa. Maria Thereza Rosa Ribeiro. Quarta-feira (14hs). In\u00edcio: 22\/08\/2018.<\/p>\n<p><strong>Perspectiva Sociol\u00f3gicas sobre Estado e Desenvolvimento<\/strong>\u00a0 &#8211; (4crs). Prof. S\u00e9rgio Barcellos. Quinta-feira (9hs). In\u00edcio: 23\/08\/2018.<\/p>\n<p><strong>Semin\u00e1rio de Hist\u00f3ria Oral<\/strong> \u2013 (4crs).\u00a0 Profa. Lorena Gill. Quinta-feira (17hs30min). In\u00edcio: 30\/08\/2018.<\/p>\n","protected":false},"excerpt":{"rendered":"<p>Abaixo\u00a0todas as disciplinas que ser\u00e3o ofertadas durante o segundo\u00a0semestre de 2018 pelo Programa de P\u00f3s-Gradua\u00e7\u00e3o em Sociologia da Universidade Federal de Pelotas: &nbsp; DISCIPLINAS OBRIGAT\u00d3RIAS \u2013\u00a0\u00a0(Ofertadas apenas para alunos regulares do PPGSociologia). Teoria Sociol\u00f3gica II\u00a0\u2013 (4crs). Prof. Leo P. Rodrigues. Quinta-feira (14hs) In\u00edcio:\u00a016\/08\/2018. Semin\u00e1rio de Disserta\u00e7\u00e3o\u00a0\u2013 (2 crs). Profa. Elaine da Silveira Leite. Sexta-feira (14hs). [&hellip;]<\/p>\n","protected":false},"author":396,"featured_media":0,"comment_status":"closed","ping_status":"closed","sticky":false,"template":"","format":"standard","meta":{"jetpack_post_was_ever_published":false,"_jetpack_newsletter_access":"","_jetpack_dont_email_post_to_subs":false,"_jetpack_newsletter_tier_id":0,"_jetpack_memberships_contains_paywalled_content":false,"_jetpack_memberships_contains_paid_content":false,"footnotes":"","jetpack_publicize_message":"","jetpack_publicize_feature_enabled":true,"jetpack_social_post_already_shared":true,"jetpack_social_options":{"image_generator_settings":{"template":"highway","default_image_id":0,"font":"","enabled":false},"version":2}},"categories":[18],"tags":[],"class_list":["post-3591","post","type-post","status-publish","format-standard","hentry","category-sem-categoria"],"jetpack_publicize_connections":[],"jetpack_featured_media_url":"","jetpack_sharing_enabled":true,"jetpack_shortlink":"https:\/\/wp.me\/p9dZ0f-VV","jetpack_likes_enabled":true,"jetpack-related-posts":[],"_links":{"self":[{"href":"https:\/\/wp.ufpel.edu.br\/ppgs\/wp-json\/wp\/v2\/posts\/3591","targetHints":{"allow":["GET"]}}],"collection":[{"href":"https:\/\/wp.ufpel.edu.br\/ppgs\/wp-json\/wp\/v2\/posts"}],"about":[{"href":"https:\/\/wp.ufpel.edu.br\/ppgs\/wp-json\/wp\/v2\/types\/post"}],"author":[{"embeddable":true,"href":"https:\/\/wp.ufpel.edu.br\/ppgs\/wp-json\/wp\/v2\/users\/396"}],"replies":[{"embeddable":true,"href":"https:\/\/wp.ufpel.edu.br\/ppgs\/wp-json\/wp\/v2\/comments?post=3591"}],"version-history":[{"count":3,"href":"https:\/\/wp.ufpel.edu.br\/ppgs\/wp-json\/wp\/v2\/posts\/3591\/revisions"}],"predecessor-version":[{"id":3649,"href":"https:\/\/wp.ufpel.edu.br\/ppgs\/wp-json\/wp\/v2\/posts\/3591\/revisions\/3649"}],"wp:attachment":[{"href":"https:\/\/wp.ufpel.edu.br\/ppgs\/wp-json\/wp\/v2\/media?parent=3591"}],"wp:term":[{"taxonomy":"category","embeddable":true,"href":"https:\/\/wp.ufpel.edu.br\/ppgs\/wp-json\/wp\/v2\/categories?post=3591"},{"taxonomy":"post_tag","embeddable":true,"href":"https:\/\/wp.ufpel.edu.br\/ppgs\/wp-json\/wp\/v2\/tags?post=3591"}],"curies":[{"name":"wp","href":"https:\/\/api.w.org\/{rel}","templated":true}]}}