{"id":3532,"date":"2018-06-23T22:41:55","date_gmt":"2018-06-24T01:41:55","guid":{"rendered":"https:\/\/wp.ufpel.edu.br\/ppgs\/?p=3532"},"modified":"2018-06-23T22:41:55","modified_gmt":"2018-06-24T01:41:55","slug":"convite-para-defesa-de-qualificacao-6","status":"publish","type":"post","link":"https:\/\/wp.ufpel.edu.br\/ppgs\/2018\/06\/23\/convite-para-defesa-de-qualificacao-6\/","title":{"rendered":"Convite para defesa de qualifica\u00e7\u00e3o"},"content":{"rendered":"<p><strong>Discente<\/strong>: Manoela Vieira Neutzling<\/p>\n<p><strong>T\u00edtulo da Disserta\u00e7\u00e3o:<\/strong>\u00a0\u201cAdolescentes em conflito com a lei e a Medida Socioeducativa de semipriva\u00e7\u00e3o de liberdade no Munic\u00edpio de Pelotas, sob orienta\u00e7\u00e3o do Prof. Dr. S\u00e9rgio Botton Barcellos<\/p>\n<p><strong>Banca Examinadora<\/strong>: Prof. Dr. Luiz Antonio Bogo Chies (PPGPS\/UCPel), Prof. Dra. Patr\u00edcia Rodrigues Chaves da Cunha (PPCPol\/UFPel), Prof. Dr. Am\u00edlcar Cardoso Vila\u00e7a de Freitas (PPGS\/UFPel)<\/p>\n<p><strong>Data<\/strong>: 11 de julho de 2018<\/p>\n<p><strong>Hor\u00e1rio:<\/strong>\u00a0\u00e0s 10:00h<\/p>\n<p><strong>Local:<\/strong>\u00a0sala 316, no pr\u00e9dio do IFISP \u2013 Rua Coronel Alberto Rosa, n\u00ba 154<\/p>\n","protected":false},"excerpt":{"rendered":"<p>Discente: Manoela Vieira Neutzling T\u00edtulo da Disserta\u00e7\u00e3o:\u00a0\u201cAdolescentes em conflito com a lei e a Medida Socioeducativa de semipriva\u00e7\u00e3o de liberdade no Munic\u00edpio de Pelotas, sob orienta\u00e7\u00e3o do Prof. Dr. S\u00e9rgio Botton Barcellos Banca Examinadora: Prof. Dr. Luiz Antonio Bogo Chies (PPGPS\/UCPel), Prof. Dra. Patr\u00edcia Rodrigues Chaves da Cunha (PPCPol\/UFPel), Prof. Dr. Am\u00edlcar Cardoso Vila\u00e7a de [&hellip;]<\/p>\n","protected":false},"author":396,"featured_media":0,"comment_status":"closed","ping_status":"closed","sticky":false,"template":"","format":"standard","meta":{"jetpack_post_was_ever_published":false,"_jetpack_newsletter_access":"","_jetpack_dont_email_post_to_subs":false,"_jetpack_newsletter_tier_id":0,"_jetpack_memberships_contains_paywalled_content":false,"_jetpack_memberships_contains_paid_content":false,"footnotes":"","jetpack_publicize_message":"","jetpack_publicize_feature_enabled":true,"jetpack_social_post_already_shared":true,"jetpack_social_options":{"image_generator_settings":{"template":"highway","default_image_id":0,"font":"","enabled":false},"version":2}},"categories":[18],"tags":[],"class_list":["post-3532","post","type-post","status-publish","format-standard","hentry","category-sem-categoria"],"jetpack_publicize_connections":[],"jetpack_featured_media_url":"","jetpack_sharing_enabled":true,"jetpack_shortlink":"https:\/\/wp.me\/p9dZ0f-UY","jetpack_likes_enabled":true,"jetpack-related-posts":[],"_links":{"self":[{"href":"https:\/\/wp.ufpel.edu.br\/ppgs\/wp-json\/wp\/v2\/posts\/3532","targetHints":{"allow":["GET"]}}],"collection":[{"href":"https:\/\/wp.ufpel.edu.br\/ppgs\/wp-json\/wp\/v2\/posts"}],"about":[{"href":"https:\/\/wp.ufpel.edu.br\/ppgs\/wp-json\/wp\/v2\/types\/post"}],"author":[{"embeddable":true,"href":"https:\/\/wp.ufpel.edu.br\/ppgs\/wp-json\/wp\/v2\/users\/396"}],"replies":[{"embeddable":true,"href":"https:\/\/wp.ufpel.edu.br\/ppgs\/wp-json\/wp\/v2\/comments?post=3532"}],"version-history":[{"count":2,"href":"https:\/\/wp.ufpel.edu.br\/ppgs\/wp-json\/wp\/v2\/posts\/3532\/revisions"}],"predecessor-version":[{"id":3535,"href":"https:\/\/wp.ufpel.edu.br\/ppgs\/wp-json\/wp\/v2\/posts\/3532\/revisions\/3535"}],"wp:attachment":[{"href":"https:\/\/wp.ufpel.edu.br\/ppgs\/wp-json\/wp\/v2\/media?parent=3532"}],"wp:term":[{"taxonomy":"category","embeddable":true,"href":"https:\/\/wp.ufpel.edu.br\/ppgs\/wp-json\/wp\/v2\/categories?post=3532"},{"taxonomy":"post_tag","embeddable":true,"href":"https:\/\/wp.ufpel.edu.br\/ppgs\/wp-json\/wp\/v2\/tags?post=3532"}],"curies":[{"name":"wp","href":"https:\/\/api.w.org\/{rel}","templated":true}]}}