{"id":350,"date":"2013-07-09T20:40:04","date_gmt":"2013-07-09T23:40:04","guid":{"rendered":"https:\/\/wp.ufpel.edu.br\/ppgs\/?p=350"},"modified":"2014-07-12T20:40:33","modified_gmt":"2014-07-12T23:40:33","slug":"exame-de-qualificacao-4","status":"publish","type":"post","link":"https:\/\/wp.ufpel.edu.br\/ppgs\/2013\/07\/09\/exame-de-qualificacao-4\/","title":{"rendered":"Exame de qualifica\u00e7\u00e3o"},"content":{"rendered":"<p class=\"text11\"><strong>12\/07\/2013, 8h \u2013 Thilara Lopes Schwanke Xavier<\/strong><br \/>\nORIENTADOR: Prof. Dr. Ricardo Mayer<br \/>\nT\u00edtulo: &#8220;As compet\u00eancias a prova: um estudo sobre as estrat\u00e9gias de gest\u00e3o da for\u00e7a de<br \/>\ntrabalho em uma ind\u00fastria do setor medico e hospitalar&#8221;<\/p>\n<p><strong>12\/07\/2013, 10h \u2013 Larissa Ferreira Tavares<\/strong><br \/>\nORIENTADOR: Prof. Dr. Attila Barbosa<br \/>\nT\u00edtulo: &#8221; Condenados a vencer: a atua\u00e7\u00e3o do SEBRAE na produ\u00e7\u00e3o discursiva do indiv\u00edduo empreendedor de si mesmo&#8221;<\/p>\n<p class=\"text11\"><strong>12\/07\/2013, 15h \u2013 Fernando Antonio Lopes de Freitas<\/strong><br \/>\nORIENTADOR: Prof. Dr. Pedro Robertt<br \/>\nT\u00edtulo: &#8220;Mercados internos de trabalho no setor de beneficiamento do arroz no Rio Grande de Sul. Estudo de caso de uma empresa industrial&#8221;<\/p>\n<p class=\"text11\"><strong>15\/07\/2013, 9h \u2013 Paulo Pereira Cava\u00a0<\/strong><br \/>\nORIENTADOR: Prof. Dr. William Hector Gomez<br \/>\nT\u00edtulo: &#8220;Florestan Fernandes e Jos\u00e9 de Souza Martins: continuidades e descontinuidades na sociologia da USP&#8221;<\/p>\n<p class=\"text11\"><strong>16\/07\/2013, 9h30min \u2013 Ana Paula Ferreira D&#8217;avila\u00a0<\/strong><br \/>\nORIENTADOR: Prof. Dr. Pedro Robertt<br \/>\nT\u00edtulo: &#8220;Os novos discursos gerenciais para ingressar e se manter no mercado de trabalho. Estudo do Jornal Zero Hora.&#8221;<\/p>\n<p class=\"text11\"><strong>16\/07\/2013, 14h30minh \u2013 Marcos Liandro Lopes Alves morais\u00a0<\/strong><br \/>\nORIENTADOR: Prof. Dr. William Hector Gomez<br \/>\nT\u00edtulo: &#8220;O espa\u00e7o social e o modo de vida dos ga\u00fachos sob a \u00f3ptica musical&#8221;<\/p>\n<p class=\"text11\"><strong>17\/07\/2013, 9h \u2013 Carlos Guilherme Madeira\u00a0<\/strong><br \/>\nORIENTADOR: Prof. Dr. William Hector Gomez<br \/>\nT\u00edtulo: &#8220;Mapeamento e avalia\u00e7\u00e3o cr\u00edtica da produ\u00e7\u00e3o acad\u00eamica brasileira sobre conflitos ambientais no per\u00edodo de 1992 a 2012&#8221;<\/p>\n<p class=\"text11\"><strong>17\/07\/2013, 14h \u2013 Virginia Oliveira Borges<\/strong><br \/>\nORIENTADOR: Prof\u00aa. Dr\u00aa. Maria Thereza Rosa Ribeiro<br \/>\nT\u00edtulo: &#8220;A TRANSFORMA\u00c7\u00c3O DO ESPA\u00c7O SOCIAL A PARTIR DA ATUA\u00c7\u00c3O JUVENIL NO COTIDIANO&#8221;<\/p>\n<p class=\"text11\">Local:\u00a0<strong>Sala de reuni\u00f5es \u2013 Secretaria mestrados em Sociologia e Ci\u00eancia Pol\u00edtica<\/strong><br \/>\nRua sete de Setembro, n\u00ba150<\/p>\n<p class=\"text11\"><strong>17\/07\/2013, 10h \u2013 Thiago Menna Franckini<\/strong><br \/>\nORIENTADOR: Prof. Dr. Pedro Robertt<br \/>\nT\u00edtulo: &#8220;Mobiliza\u00e7\u00f5es globais no Brasil contempor\u00e2neo: redimensionando o debate democr\u00e1tico&#8221;<\/p>\n<p class=\"text11\">Local:<strong>\u00a0Sala de reuni\u00f5es \u2013 Ag\u00eancia da Lagoa Mirim<\/strong><br \/>\nRua Lobo da Costa, n\u00b0 447.<\/p>\n","protected":false},"excerpt":{"rendered":"<p>12\/07\/2013, 8h \u2013 Thilara Lopes Schwanke Xavier ORIENTADOR: Prof. Dr. Ricardo Mayer T\u00edtulo: &#8220;As compet\u00eancias a prova: um estudo sobre as estrat\u00e9gias de gest\u00e3o da for\u00e7a de trabalho em uma ind\u00fastria do setor medico e hospitalar&#8221; 12\/07\/2013, 10h \u2013 Larissa Ferreira Tavares ORIENTADOR: Prof. Dr. Attila Barbosa T\u00edtulo: &#8221; Condenados a vencer: a atua\u00e7\u00e3o do [&hellip;]<\/p>\n","protected":false},"author":396,"featured_media":0,"comment_status":"closed","ping_status":"closed","sticky":false,"template":"","format":"standard","meta":{"jetpack_post_was_ever_published":false,"_jetpack_newsletter_access":"","_jetpack_dont_email_post_to_subs":false,"_jetpack_newsletter_tier_id":0,"_jetpack_memberships_contains_paywalled_content":false,"_jetpack_memberships_contains_paid_content":false,"footnotes":"","jetpack_publicize_message":"","jetpack_publicize_feature_enabled":true,"jetpack_social_post_already_shared":false,"jetpack_social_options":{"image_generator_settings":{"template":"highway","default_image_id":0,"font":"","enabled":false},"version":2}},"categories":[18],"tags":[],"class_list":["post-350","post","type-post","status-publish","format-standard","hentry","category-sem-categoria"],"jetpack_publicize_connections":[],"jetpack_featured_media_url":"","jetpack_sharing_enabled":true,"jetpack_shortlink":"https:\/\/wp.me\/p9dZ0f-5E","jetpack_likes_enabled":true,"jetpack-related-posts":[],"_links":{"self":[{"href":"https:\/\/wp.ufpel.edu.br\/ppgs\/wp-json\/wp\/v2\/posts\/350","targetHints":{"allow":["GET"]}}],"collection":[{"href":"https:\/\/wp.ufpel.edu.br\/ppgs\/wp-json\/wp\/v2\/posts"}],"about":[{"href":"https:\/\/wp.ufpel.edu.br\/ppgs\/wp-json\/wp\/v2\/types\/post"}],"author":[{"embeddable":true,"href":"https:\/\/wp.ufpel.edu.br\/ppgs\/wp-json\/wp\/v2\/users\/396"}],"replies":[{"embeddable":true,"href":"https:\/\/wp.ufpel.edu.br\/ppgs\/wp-json\/wp\/v2\/comments?post=350"}],"version-history":[{"count":1,"href":"https:\/\/wp.ufpel.edu.br\/ppgs\/wp-json\/wp\/v2\/posts\/350\/revisions"}],"predecessor-version":[{"id":351,"href":"https:\/\/wp.ufpel.edu.br\/ppgs\/wp-json\/wp\/v2\/posts\/350\/revisions\/351"}],"wp:attachment":[{"href":"https:\/\/wp.ufpel.edu.br\/ppgs\/wp-json\/wp\/v2\/media?parent=350"}],"wp:term":[{"taxonomy":"category","embeddable":true,"href":"https:\/\/wp.ufpel.edu.br\/ppgs\/wp-json\/wp\/v2\/categories?post=350"},{"taxonomy":"post_tag","embeddable":true,"href":"https:\/\/wp.ufpel.edu.br\/ppgs\/wp-json\/wp\/v2\/tags?post=350"}],"curies":[{"name":"wp","href":"https:\/\/api.w.org\/{rel}","templated":true}]}}