{"id":339,"date":"2013-06-25T20:30:46","date_gmt":"2013-06-25T23:30:46","guid":{"rendered":"https:\/\/wp.ufpel.edu.br\/ppgs\/?p=339"},"modified":"2014-07-12T20:31:35","modified_gmt":"2014-07-12T23:31:35","slug":"defesa-de-dissertacao","status":"publish","type":"post","link":"https:\/\/wp.ufpel.edu.br\/ppgs\/2013\/06\/25\/defesa-de-dissertacao\/","title":{"rendered":"Defesa de Disserta\u00e7\u00e3o"},"content":{"rendered":"<p><strong>28\/06\/2013, 14h30min \u2013 Amanda Oliveira Fabres<\/strong><\/p>\n<p>ORIENTADOR: Prof. Dr. Flavio Sacco dos Anjos<br \/>\nT\u00edtulo: &#8220;Agricultura familiar, rela\u00e7\u00f5es de poder e mercados institucionais: Estudo de caso sobre o Programa Nacional de Alimenta\u00e7\u00e3o Escolar no Munic\u00edpio de S\u00e3o Loren\u00e7o do Sul&#8221;<br \/>\nLocal:\u00a0<strong>Sala de reuni\u00f5es \u2013 Secretaria mestrados em Sociologia e Ci\u00eancia Pol\u00edtica<\/strong><br \/>\nRua Sete de Setembro, n\u00ba150<\/p>\n","protected":false},"excerpt":{"rendered":"<p>28\/06\/2013, 14h30min \u2013 Amanda Oliveira Fabres ORIENTADOR: Prof. Dr. Flavio Sacco dos Anjos T\u00edtulo: &#8220;Agricultura familiar, rela\u00e7\u00f5es de poder e mercados institucionais: Estudo de caso sobre o Programa Nacional de Alimenta\u00e7\u00e3o Escolar no Munic\u00edpio de S\u00e3o Loren\u00e7o do Sul&#8221; Local:\u00a0Sala de reuni\u00f5es \u2013 Secretaria mestrados em Sociologia e Ci\u00eancia Pol\u00edtica Rua Sete de Setembro, n\u00ba150<\/p>\n","protected":false},"author":396,"featured_media":0,"comment_status":"closed","ping_status":"closed","sticky":false,"template":"","format":"standard","meta":{"jetpack_post_was_ever_published":false,"_jetpack_newsletter_access":"","_jetpack_dont_email_post_to_subs":false,"_jetpack_newsletter_tier_id":0,"_jetpack_memberships_contains_paywalled_content":false,"_jetpack_memberships_contains_paid_content":false,"footnotes":"","jetpack_publicize_message":"","jetpack_publicize_feature_enabled":true,"jetpack_social_post_already_shared":false,"jetpack_social_options":{"image_generator_settings":{"template":"highway","default_image_id":0,"font":"","enabled":false},"version":2}},"categories":[18],"tags":[],"class_list":["post-339","post","type-post","status-publish","format-standard","hentry","category-sem-categoria"],"jetpack_publicize_connections":[],"jetpack_featured_media_url":"","jetpack_sharing_enabled":true,"jetpack_shortlink":"https:\/\/wp.me\/p9dZ0f-5t","jetpack_likes_enabled":true,"jetpack-related-posts":[],"_links":{"self":[{"href":"https:\/\/wp.ufpel.edu.br\/ppgs\/wp-json\/wp\/v2\/posts\/339","targetHints":{"allow":["GET"]}}],"collection":[{"href":"https:\/\/wp.ufpel.edu.br\/ppgs\/wp-json\/wp\/v2\/posts"}],"about":[{"href":"https:\/\/wp.ufpel.edu.br\/ppgs\/wp-json\/wp\/v2\/types\/post"}],"author":[{"embeddable":true,"href":"https:\/\/wp.ufpel.edu.br\/ppgs\/wp-json\/wp\/v2\/users\/396"}],"replies":[{"embeddable":true,"href":"https:\/\/wp.ufpel.edu.br\/ppgs\/wp-json\/wp\/v2\/comments?post=339"}],"version-history":[{"count":1,"href":"https:\/\/wp.ufpel.edu.br\/ppgs\/wp-json\/wp\/v2\/posts\/339\/revisions"}],"predecessor-version":[{"id":340,"href":"https:\/\/wp.ufpel.edu.br\/ppgs\/wp-json\/wp\/v2\/posts\/339\/revisions\/340"}],"wp:attachment":[{"href":"https:\/\/wp.ufpel.edu.br\/ppgs\/wp-json\/wp\/v2\/media?parent=339"}],"wp:term":[{"taxonomy":"category","embeddable":true,"href":"https:\/\/wp.ufpel.edu.br\/ppgs\/wp-json\/wp\/v2\/categories?post=339"},{"taxonomy":"post_tag","embeddable":true,"href":"https:\/\/wp.ufpel.edu.br\/ppgs\/wp-json\/wp\/v2\/tags?post=339"}],"curies":[{"name":"wp","href":"https:\/\/api.w.org\/{rel}","templated":true}]}}