{"id":337,"date":"2013-06-24T20:29:15","date_gmt":"2013-06-24T23:29:15","guid":{"rendered":"https:\/\/wp.ufpel.edu.br\/ppgs\/?p=337"},"modified":"2014-07-12T20:30:13","modified_gmt":"2014-07-12T23:30:13","slug":"exame-de-qualificacao-3","status":"publish","type":"post","link":"https:\/\/wp.ufpel.edu.br\/ppgs\/2013\/06\/24\/exame-de-qualificacao-3\/","title":{"rendered":"Exame de Qualifica\u00e7\u00e3o"},"content":{"rendered":"<p><strong>26\/06\/2013, 9h30m \u2013 Fernado Freitas<\/strong><\/p>\n<p>ORIENTADOR: Prof. Dr. Pedro Robertt<br \/>\nT\u00edtulo: &#8220;Mercados internos de trabalho no setor de beneficiamento do arroz no Rio Grande de Sul. Estudo de caso de uma empresa industrial&#8221;<\/p>\n<p><strong>10\/07\/2013, 14h30m \u2013 Rodrigo Hinz da Silva\u00a0<\/strong><br \/>\nORIENTADOR: Prof. Dr. Attila Barbosa<br \/>\nT\u00edtulo: &#8220;A constru\u00e7\u00e3o social do instituto jur\u00eddico da terceiriza\u00e7\u00e3o na passagem do direito ordin\u00e1rio ao direito flex\u00edvel do trabalho&#8221;<\/p>\n<p><strong>11\/07\/2013, 13h30m \u2013 Larissa Ferreira Tavares<\/strong><br \/>\nORIENTADOR: Prof. Dr. Attila Barbosa<br \/>\nT\u00edtulo: &#8220;Condenados a vencer: a atua\u00e7\u00e3o do SEBRAE na produ\u00e7\u00e3o discursiva do indiv\u00edduo empreendedor de si mesmo&#8221;<\/p>\n<p><strong>15\/07\/2013, 15h \u2013 Ana Paula D&#8217;avila\u00a0<\/strong><br \/>\nORIENTADOR: Prof. Dr. Pedro Robertt<br \/>\nT\u00edtulo: &#8220;Os novos discursos gerenciais para ingressar e se manter no mercado de trabalho. Estudo do Jornal Zero&#8221;<\/p>\n<p>Local:<strong>\u00a0Sala de reuni\u00f5es \u2013 Secretaria mestrados em Sociologia e Ci\u00eancia Pol\u00edtica<br \/>\n<\/strong>Rua Sete de Setembro, n\u00ba150<\/p>\n<p><strong>21\/06\/2013, 14h \u2013 Jimena Gonzales<\/strong><br \/>\nORIENTADOR: Prof. Dr. Flavio Sacco dos Anjos<br \/>\nT\u00edtulo: &#8220;A silenciosa resist\u00eancia da agricultura familiar na regi\u00e3o centro-oriental do Uruguai: uma morte anunciada?&#8221;<br \/>\nLocal:<strong>\u00a0Departamento de Ci\u00eancias Sociais Agr\u00e1rias &#8211; Sala 2<\/strong><br \/>\nCampus Cap\u00e3o do Le\u00e3o<\/p>\n","protected":false},"excerpt":{"rendered":"<p>26\/06\/2013, 9h30m \u2013 Fernado Freitas ORIENTADOR: Prof. Dr. Pedro Robertt T\u00edtulo: &#8220;Mercados internos de trabalho no setor de beneficiamento do arroz no Rio Grande de Sul. Estudo de caso de uma empresa industrial&#8221; 10\/07\/2013, 14h30m \u2013 Rodrigo Hinz da Silva\u00a0 ORIENTADOR: Prof. Dr. Attila Barbosa T\u00edtulo: &#8220;A constru\u00e7\u00e3o social do instituto jur\u00eddico da terceiriza\u00e7\u00e3o na [&hellip;]<\/p>\n","protected":false},"author":396,"featured_media":0,"comment_status":"closed","ping_status":"closed","sticky":false,"template":"","format":"standard","meta":{"jetpack_post_was_ever_published":false,"_jetpack_newsletter_access":"","_jetpack_dont_email_post_to_subs":false,"_jetpack_newsletter_tier_id":0,"_jetpack_memberships_contains_paywalled_content":false,"_jetpack_memberships_contains_paid_content":false,"footnotes":"","jetpack_publicize_message":"","jetpack_publicize_feature_enabled":true,"jetpack_social_post_already_shared":false,"jetpack_social_options":{"image_generator_settings":{"template":"highway","default_image_id":0,"font":"","enabled":false},"version":2}},"categories":[18],"tags":[],"class_list":["post-337","post","type-post","status-publish","format-standard","hentry","category-sem-categoria"],"jetpack_publicize_connections":[],"jetpack_featured_media_url":"","jetpack_sharing_enabled":true,"jetpack_shortlink":"https:\/\/wp.me\/p9dZ0f-5r","jetpack_likes_enabled":true,"jetpack-related-posts":[],"_links":{"self":[{"href":"https:\/\/wp.ufpel.edu.br\/ppgs\/wp-json\/wp\/v2\/posts\/337","targetHints":{"allow":["GET"]}}],"collection":[{"href":"https:\/\/wp.ufpel.edu.br\/ppgs\/wp-json\/wp\/v2\/posts"}],"about":[{"href":"https:\/\/wp.ufpel.edu.br\/ppgs\/wp-json\/wp\/v2\/types\/post"}],"author":[{"embeddable":true,"href":"https:\/\/wp.ufpel.edu.br\/ppgs\/wp-json\/wp\/v2\/users\/396"}],"replies":[{"embeddable":true,"href":"https:\/\/wp.ufpel.edu.br\/ppgs\/wp-json\/wp\/v2\/comments?post=337"}],"version-history":[{"count":1,"href":"https:\/\/wp.ufpel.edu.br\/ppgs\/wp-json\/wp\/v2\/posts\/337\/revisions"}],"predecessor-version":[{"id":338,"href":"https:\/\/wp.ufpel.edu.br\/ppgs\/wp-json\/wp\/v2\/posts\/337\/revisions\/338"}],"wp:attachment":[{"href":"https:\/\/wp.ufpel.edu.br\/ppgs\/wp-json\/wp\/v2\/media?parent=337"}],"wp:term":[{"taxonomy":"category","embeddable":true,"href":"https:\/\/wp.ufpel.edu.br\/ppgs\/wp-json\/wp\/v2\/categories?post=337"},{"taxonomy":"post_tag","embeddable":true,"href":"https:\/\/wp.ufpel.edu.br\/ppgs\/wp-json\/wp\/v2\/tags?post=337"}],"curies":[{"name":"wp","href":"https:\/\/api.w.org\/{rel}","templated":true}]}}