{"id":3204,"date":"2018-03-21T18:19:32","date_gmt":"2018-03-21T21:19:32","guid":{"rendered":"https:\/\/wp.ufpel.edu.br\/ppgs\/?p=3204"},"modified":"2018-03-21T18:19:32","modified_gmt":"2018-03-21T21:19:32","slug":"salas-das-disciplinas-de-2018-01","status":"publish","type":"post","link":"https:\/\/wp.ufpel.edu.br\/ppgs\/2018\/03\/21\/salas-das-disciplinas-de-2018-01\/","title":{"rendered":"Salas das disciplinas de 2018\/01"},"content":{"rendered":"<p style=\"font-weight: 400\"><strong><u>SALAS \u2013 DISCIPLINAS 1\/2018<\/u><\/strong><\/p>\n<p style=\"font-weight: 400\"><strong>Teoria Sociol\u00f3gica I<\/strong>\u00a0\u2013 (Obrigat\u00f3ria, 4crs).\u00a0\u00a0Prof. Attila Barbosa. Ter\u00e7a-feira 14hs \u2013 sala 203.<\/p>\n<p style=\"font-weight: 400\"><strong>Metodologia\u00a0<\/strong>\u2013\u00a0(Obrigat\u00f3ria, 4crs). Prof. William H. G. Soto. Quarta-feira 14hs \u2013 sala 203.<\/p>\n<p style=\"font-weight: 400\"><strong>Campo e habitus: contrapontos entre as sociologias de Pierre Bourdieu e Bernard Lahire<\/strong>. (Optativa, 2crs). Prof. Pedro Robertt. Quinta-feira 14hs \u2013 sala 203.<\/p>\n<p style=\"font-weight: 400\"><strong>Semin\u00e1rios Avan\u00e7ado<\/strong><strong>.\u00a0<\/strong><strong>\u00a0Etnografia Sociol\u00f3gica, Pol\u00edtica e do Trabalho<\/strong><strong>.<\/strong>\u00a0(Optativa, 2crs). Previs\u00e3o de in\u00edcio: 31\/05\/2018. Prof. Pedro Robertt. Quinta-feira. 14hs \u2013 sala 203.<\/p>\n<p style=\"font-weight: 400\"><strong>A din\u00e2mica da agricultura familiar e do mundo rural.<\/strong>\u00a0(Optativa, 4 crs). Prof. Fl\u00e1vio Sacco dos Anjos. Sexta-feira. 8hs\u00a0\u2013 sala 203.<\/p>\n<p style=\"font-weight: 400\"><strong>Sociologia e Meio Ambiente<\/strong>. (Optativa, 4 crs). Prof. Rafael Braz. Sexta-feira. 9hs \u2013 sala 202.<\/p>\n<p style=\"font-weight: 400\"><strong>Epistemologia das Ci\u00eancias e das Ci\u00eancias Sociais<\/strong>.\u00a0(Optativa, 4crs).\u00a0\u00a0Prof. Leo Rodrigues. Segunda-feira. 14hs \u2013 sala 203.<\/p>\n<p style=\"font-weight: 400\"><strong>Semin\u00e1rios Avan\u00e7ado. Introdu\u00e7\u00e3o ao pensamento de Bruno Latour<\/strong>. (Optativa, 2crs).\u00a0Profa. Camila Prates. Quarta-feira. 9hs \u2013 sala 203.<\/p>\n","protected":false},"excerpt":{"rendered":"<p>SALAS \u2013 DISCIPLINAS 1\/2018 Teoria Sociol\u00f3gica I\u00a0\u2013 (Obrigat\u00f3ria, 4crs).\u00a0\u00a0Prof. Attila Barbosa. Ter\u00e7a-feira 14hs \u2013 sala 203. Metodologia\u00a0\u2013\u00a0(Obrigat\u00f3ria, 4crs). Prof. William H. G. Soto. Quarta-feira 14hs \u2013 sala 203. Campo e habitus: contrapontos entre as sociologias de Pierre Bourdieu e Bernard Lahire. (Optativa, 2crs). Prof. Pedro Robertt. Quinta-feira 14hs \u2013 sala 203. Semin\u00e1rios Avan\u00e7ado.\u00a0\u00a0Etnografia Sociol\u00f3gica, Pol\u00edtica [&hellip;]<\/p>\n","protected":false},"author":396,"featured_media":0,"comment_status":"closed","ping_status":"closed","sticky":false,"template":"","format":"standard","meta":{"jetpack_post_was_ever_published":false,"_jetpack_newsletter_access":"","_jetpack_dont_email_post_to_subs":false,"_jetpack_newsletter_tier_id":0,"_jetpack_memberships_contains_paywalled_content":false,"_jetpack_memberships_contains_paid_content":false,"footnotes":"","jetpack_publicize_message":"","jetpack_publicize_feature_enabled":true,"jetpack_social_post_already_shared":true,"jetpack_social_options":{"image_generator_settings":{"template":"highway","default_image_id":0,"font":"","enabled":false},"version":2}},"categories":[18],"tags":[],"class_list":["post-3204","post","type-post","status-publish","format-standard","hentry","category-sem-categoria"],"jetpack_publicize_connections":[],"jetpack_featured_media_url":"","jetpack_sharing_enabled":true,"jetpack_shortlink":"https:\/\/wp.me\/p9dZ0f-PG","jetpack_likes_enabled":true,"jetpack-related-posts":[],"_links":{"self":[{"href":"https:\/\/wp.ufpel.edu.br\/ppgs\/wp-json\/wp\/v2\/posts\/3204","targetHints":{"allow":["GET"]}}],"collection":[{"href":"https:\/\/wp.ufpel.edu.br\/ppgs\/wp-json\/wp\/v2\/posts"}],"about":[{"href":"https:\/\/wp.ufpel.edu.br\/ppgs\/wp-json\/wp\/v2\/types\/post"}],"author":[{"embeddable":true,"href":"https:\/\/wp.ufpel.edu.br\/ppgs\/wp-json\/wp\/v2\/users\/396"}],"replies":[{"embeddable":true,"href":"https:\/\/wp.ufpel.edu.br\/ppgs\/wp-json\/wp\/v2\/comments?post=3204"}],"version-history":[{"count":1,"href":"https:\/\/wp.ufpel.edu.br\/ppgs\/wp-json\/wp\/v2\/posts\/3204\/revisions"}],"predecessor-version":[{"id":3206,"href":"https:\/\/wp.ufpel.edu.br\/ppgs\/wp-json\/wp\/v2\/posts\/3204\/revisions\/3206"}],"wp:attachment":[{"href":"https:\/\/wp.ufpel.edu.br\/ppgs\/wp-json\/wp\/v2\/media?parent=3204"}],"wp:term":[{"taxonomy":"category","embeddable":true,"href":"https:\/\/wp.ufpel.edu.br\/ppgs\/wp-json\/wp\/v2\/categories?post=3204"},{"taxonomy":"post_tag","embeddable":true,"href":"https:\/\/wp.ufpel.edu.br\/ppgs\/wp-json\/wp\/v2\/tags?post=3204"}],"curies":[{"name":"wp","href":"https:\/\/api.w.org\/{rel}","templated":true}]}}