{"id":3186,"date":"2018-03-18T20:22:58","date_gmt":"2018-03-18T23:22:58","guid":{"rendered":"https:\/\/wp.ufpel.edu.br\/ppgs\/?p=3186"},"modified":"2026-04-20T13:32:02","modified_gmt":"2026-04-20T16:32:02","slug":"diversidade-sociologica-vol-iii-publicacao-do-iii-sis-ja-disponivel","status":"publish","type":"post","link":"https:\/\/wp.ufpel.edu.br\/ppgs\/2018\/03\/18\/diversidade-sociologica-vol-iii-publicacao-do-iii-sis-ja-disponivel\/","title":{"rendered":"Diversidade sociol\u00f3gica, vol. III &#8211; publica\u00e7\u00e3o do III SIS, j\u00e1 dispon\u00edvel"},"content":{"rendered":"<p>\u00c9 com grande satisfa\u00e7\u00e3o que o PPGS informa que j\u00e1 est\u00e1 dispon\u00edvel o livro produto do III SIS &#8211; Semin\u00e1rio de Integra\u00e7\u00e3o Sociol\u00f3gica, realizado em parceria com o PPGS\/UFRGS. A publica\u00e7\u00e3o intitulada <a href=\"https:\/\/wp.ufpel.edu.br\/ppgs\/files\/2018\/03\/DiversidadeSociologicav.III_.pdf\"><strong>Diversidade sociol\u00f3gica: facetas da pesquisa em sociologia<\/strong><\/a>, vol. III, est\u00e1 dispon\u00edvel <a href=\"https:\/\/wp.ufpel.edu.br\/ppgs\/files\/2018\/03\/DiversidadeSociologicav.III_.pdf\">AQUI<\/a>, e tamb\u00e9m na se\u00e7\u00e3o de <a href=\"https:\/\/wp.ufpel.edu.br\/ppgs\/producao\/livros\/\">Produ\u00e7\u00e3o<\/a>.<\/p>\n<p><a href=\"https:\/\/wp.ufpel.edu.br\/ppgs\/files\/2018\/03\/DiversidadeSociologicav.III_.pdf\"><img data-recalc-dims=\"1\" data-attachment-id=\"3182\" data-permalink=\"https:\/\/wp.ufpel.edu.br\/ppgs\/producaoeeventos\/livros\/dsiii\/\" data-orig-file=\"https:\/\/i0.wp.com\/wp.ufpel.edu.br\/ppgs\/files\/2018\/03\/DSIII.jpg?fit=281%2C448&amp;ssl=1\" data-orig-size=\"281,448\" data-comments-opened=\"0\" data-image-meta=\"{&quot;aperture&quot;:&quot;0&quot;,&quot;credit&quot;:&quot;&quot;,&quot;camera&quot;:&quot;&quot;,&quot;caption&quot;:&quot;&quot;,&quot;created_timestamp&quot;:&quot;0&quot;,&quot;copyright&quot;:&quot;&quot;,&quot;focal_length&quot;:&quot;0&quot;,&quot;iso&quot;:&quot;0&quot;,&quot;shutter_speed&quot;:&quot;0&quot;,&quot;title&quot;:&quot;&quot;,&quot;orientation&quot;:&quot;0&quot;}\" data-image-title=\"DSIII\" data-image-description=\"\" data-image-caption=\"\" data-medium-file=\"https:\/\/i0.wp.com\/wp.ufpel.edu.br\/ppgs\/files\/2018\/03\/DSIII.jpg?fit=251%2C400&amp;ssl=1\" data-large-file=\"https:\/\/i0.wp.com\/wp.ufpel.edu.br\/ppgs\/files\/2018\/03\/DSIII.jpg?fit=281%2C448&amp;ssl=1\" class=\"alignleft wp-image-3182\" src=\"https:\/\/i0.wp.com\/wp.ufpel.edu.br\/ppgs\/files\/2018\/03\/DSIII.jpg?resize=376%2C599&#038;ssl=1\" alt=\"\" width=\"376\" height=\"599\" srcset=\"https:\/\/i0.wp.com\/wp.ufpel.edu.br\/ppgs\/files\/2018\/03\/DSIII.jpg?w=281&amp;ssl=1 281w, https:\/\/i0.wp.com\/wp.ufpel.edu.br\/ppgs\/files\/2018\/03\/DSIII.jpg?resize=251%2C400&amp;ssl=1 251w\" sizes=\"(max-width: 376px) 100vw, 376px\" \/><\/a><\/p>\n","protected":false},"excerpt":{"rendered":"<p>\u00c9 com grande satisfa\u00e7\u00e3o que o PPGS informa que j\u00e1 est\u00e1 dispon\u00edvel o livro produto do III SIS &#8211; Semin\u00e1rio de Integra\u00e7\u00e3o Sociol\u00f3gica, realizado em parceria com o PPGS\/UFRGS. A publica\u00e7\u00e3o intitulada Diversidade sociol\u00f3gica: facetas da pesquisa em sociologia, vol. III, est\u00e1 dispon\u00edvel AQUI, e tamb\u00e9m na se\u00e7\u00e3o de Produ\u00e7\u00e3o.<\/p>\n","protected":false},"author":396,"featured_media":0,"comment_status":"closed","ping_status":"closed","sticky":false,"template":"","format":"standard","meta":{"jetpack_post_was_ever_published":false,"_jetpack_newsletter_access":"","_jetpack_dont_email_post_to_subs":false,"_jetpack_newsletter_tier_id":0,"_jetpack_memberships_contains_paywalled_content":false,"_jetpack_memberships_contains_paid_content":false,"footnotes":"","jetpack_publicize_message":"","jetpack_publicize_feature_enabled":true,"jetpack_social_post_already_shared":true,"jetpack_social_options":{"image_generator_settings":{"template":"highway","default_image_id":0,"font":"","enabled":false},"version":2}},"categories":[73215],"tags":[],"class_list":["post-3186","post","type-post","status-publish","format-standard","hentry","category-livros"],"jetpack_publicize_connections":[],"jetpack_featured_media_url":"","jetpack_sharing_enabled":true,"jetpack_shortlink":"https:\/\/wp.me\/p9dZ0f-Po","jetpack_likes_enabled":true,"jetpack-related-posts":[],"_links":{"self":[{"href":"https:\/\/wp.ufpel.edu.br\/ppgs\/wp-json\/wp\/v2\/posts\/3186","targetHints":{"allow":["GET"]}}],"collection":[{"href":"https:\/\/wp.ufpel.edu.br\/ppgs\/wp-json\/wp\/v2\/posts"}],"about":[{"href":"https:\/\/wp.ufpel.edu.br\/ppgs\/wp-json\/wp\/v2\/types\/post"}],"author":[{"embeddable":true,"href":"https:\/\/wp.ufpel.edu.br\/ppgs\/wp-json\/wp\/v2\/users\/396"}],"replies":[{"embeddable":true,"href":"https:\/\/wp.ufpel.edu.br\/ppgs\/wp-json\/wp\/v2\/comments?post=3186"}],"version-history":[{"count":1,"href":"https:\/\/wp.ufpel.edu.br\/ppgs\/wp-json\/wp\/v2\/posts\/3186\/revisions"}],"predecessor-version":[{"id":3188,"href":"https:\/\/wp.ufpel.edu.br\/ppgs\/wp-json\/wp\/v2\/posts\/3186\/revisions\/3188"}],"wp:attachment":[{"href":"https:\/\/wp.ufpel.edu.br\/ppgs\/wp-json\/wp\/v2\/media?parent=3186"}],"wp:term":[{"taxonomy":"category","embeddable":true,"href":"https:\/\/wp.ufpel.edu.br\/ppgs\/wp-json\/wp\/v2\/categories?post=3186"},{"taxonomy":"post_tag","embeddable":true,"href":"https:\/\/wp.ufpel.edu.br\/ppgs\/wp-json\/wp\/v2\/tags?post=3186"}],"curies":[{"name":"wp","href":"https:\/\/api.w.org\/{rel}","templated":true}]}}