{"id":3162,"date":"2018-03-02T13:10:50","date_gmt":"2018-03-02T16:10:50","guid":{"rendered":"https:\/\/wp.ufpel.edu.br\/ppgs\/?p=3162"},"modified":"2018-03-02T13:10:50","modified_gmt":"2018-03-02T16:10:50","slug":"resultado-final-da-selecao","status":"publish","type":"post","link":"https:\/\/wp.ufpel.edu.br\/ppgs\/2018\/03\/02\/resultado-final-da-selecao\/","title":{"rendered":"Resultado final da sele\u00e7\u00e3o"},"content":{"rendered":"<p style=\"font-weight: 400\"><strong><u>RESULTADO FINAL DA SELE\u00c7\u00c3O<\/u><\/strong><strong><u><br \/>\nEDITAL DE SELE\u00c7\u00c3O PARA BOLSISTA DO PROGRAMA PNPD\/CAPES<br \/>\nCHAMADA N\u00ba 001\/2018<\/u><\/strong><\/p>\n<p style=\"font-weight: 400\"><strong><u>\u00a0<\/u><\/strong><\/p>\n<p style=\"font-weight: 400\">\nA Comiss\u00e3o de Sele\u00e7\u00e3o, constitu\u00edda pelos Professores Doutores Elaine da Silveira Leite, Leo Rodrigues Peixoto, Marcus Vinicius Spolle, reuniu-se no dia 01\u00a0de mar\u00e7o\u00a0 de 2018, para analisar a documenta\u00e7\u00e3o dos candidatos que atenderam ao Edital Chamada n.001\/2018, referente ao preenchimento de 01 (uma) vaga como bolsista PNPD\/CAPES.<\/p>\n<p style=\"font-weight: 400\">\nForam recebidas\u00a0 11(onze) propostas para participa\u00e7\u00e3o no referido processo seletivo, dos seguintes candidatos:\u00a0 Andressa Corr\u00eaa, Carla Mattos, Christian Carla Bernava, Daniel Islab\u00e3o, Felipe Vargas, Luana Dias Motta, Marcelo Rubin De Lima, Maria Da Gl\u00f3ria La Falce, Odil Matheus Fontella, Pedro Uetela e Thays Mossi.<\/p>\n<p style=\"font-weight: 400\">\nDada a especificidade do edital, que solicitava Doutorado em Sociologia, os candidatos Carla Mattos, Maria da Gl\u00f3ria La Falce, Pedro Uetela n\u00e3o tiveram a inscri\u00e7\u00e3o homologada pela comiss\u00e3o de avalia\u00e7\u00e3o.<\/p>\n<p style=\"font-weight: 400\">\nConsiderando os requisitos solicitados para a candidatura e para a avalia\u00e7\u00e3o, a comiss\u00e3o examinadora pontuou: titula\u00e7\u00e3o, publica\u00e7\u00f5es em extratos qualis qualificados (A1, A2, B1), projeto de pesquisa afinado \u00e0s necessidades da linha de pesquisa &#8211; Teorias Sociais e Conhecimento e a disponibilidade de tutoria, bem como o plano de trabalho e a disponibiliza\u00e7\u00e3o do candidato para as atividades\u00a0de ensino e pesquisa no PPGSociogia durante a vig\u00eancia do est\u00e1gio p\u00f3s-doutoral.<\/p>\n<p style=\"font-weight: 400\">Deste modo, a Comiss\u00e3o selecionou o candidato: <strong>Felipe Vargas<\/strong>.<\/p>\n<p style=\"font-weight: 400\">\nPelotas, 02 de mar\u00e7o de 2018.<\/p>\n","protected":false},"excerpt":{"rendered":"<p>RESULTADO FINAL DA SELE\u00c7\u00c3O EDITAL DE SELE\u00c7\u00c3O PARA BOLSISTA DO PROGRAMA PNPD\/CAPES CHAMADA N\u00ba 001\/2018 \u00a0 A Comiss\u00e3o de Sele\u00e7\u00e3o, constitu\u00edda pelos Professores Doutores Elaine da Silveira Leite, Leo Rodrigues Peixoto, Marcus Vinicius Spolle, reuniu-se no dia 01\u00a0de mar\u00e7o\u00a0 de 2018, para analisar a documenta\u00e7\u00e3o dos candidatos que atenderam ao Edital Chamada n.001\/2018, referente ao [&hellip;]<\/p>\n","protected":false},"author":396,"featured_media":0,"comment_status":"closed","ping_status":"closed","sticky":false,"template":"","format":"standard","meta":{"jetpack_post_was_ever_published":false,"_jetpack_newsletter_access":"","_jetpack_dont_email_post_to_subs":false,"_jetpack_newsletter_tier_id":0,"_jetpack_memberships_contains_paywalled_content":false,"_jetpack_memberships_contains_paid_content":false,"footnotes":"","jetpack_publicize_message":"","jetpack_publicize_feature_enabled":true,"jetpack_social_post_already_shared":true,"jetpack_social_options":{"image_generator_settings":{"template":"highway","default_image_id":0,"font":"","enabled":false},"version":2}},"categories":[18],"tags":[],"class_list":["post-3162","post","type-post","status-publish","format-standard","hentry","category-sem-categoria"],"jetpack_publicize_connections":[],"jetpack_featured_media_url":"","jetpack_sharing_enabled":true,"jetpack_shortlink":"https:\/\/wp.me\/p9dZ0f-P0","jetpack_likes_enabled":true,"jetpack-related-posts":[],"_links":{"self":[{"href":"https:\/\/wp.ufpel.edu.br\/ppgs\/wp-json\/wp\/v2\/posts\/3162","targetHints":{"allow":["GET"]}}],"collection":[{"href":"https:\/\/wp.ufpel.edu.br\/ppgs\/wp-json\/wp\/v2\/posts"}],"about":[{"href":"https:\/\/wp.ufpel.edu.br\/ppgs\/wp-json\/wp\/v2\/types\/post"}],"author":[{"embeddable":true,"href":"https:\/\/wp.ufpel.edu.br\/ppgs\/wp-json\/wp\/v2\/users\/396"}],"replies":[{"embeddable":true,"href":"https:\/\/wp.ufpel.edu.br\/ppgs\/wp-json\/wp\/v2\/comments?post=3162"}],"version-history":[{"count":1,"href":"https:\/\/wp.ufpel.edu.br\/ppgs\/wp-json\/wp\/v2\/posts\/3162\/revisions"}],"predecessor-version":[{"id":3164,"href":"https:\/\/wp.ufpel.edu.br\/ppgs\/wp-json\/wp\/v2\/posts\/3162\/revisions\/3164"}],"wp:attachment":[{"href":"https:\/\/wp.ufpel.edu.br\/ppgs\/wp-json\/wp\/v2\/media?parent=3162"}],"wp:term":[{"taxonomy":"category","embeddable":true,"href":"https:\/\/wp.ufpel.edu.br\/ppgs\/wp-json\/wp\/v2\/categories?post=3162"},{"taxonomy":"post_tag","embeddable":true,"href":"https:\/\/wp.ufpel.edu.br\/ppgs\/wp-json\/wp\/v2\/tags?post=3162"}],"curies":[{"name":"wp","href":"https:\/\/api.w.org\/{rel}","templated":true}]}}