{"id":3084,"date":"2017-12-20T01:03:30","date_gmt":"2017-12-20T03:03:30","guid":{"rendered":"https:\/\/wp.ufpel.edu.br\/ppgs\/?p=3084"},"modified":"2017-12-20T01:03:30","modified_gmt":"2017-12-20T03:03:30","slug":"calendario-de-atividades-1-2018","status":"publish","type":"post","link":"https:\/\/wp.ufpel.edu.br\/ppgs\/2017\/12\/20\/calendario-de-atividades-1-2018\/","title":{"rendered":"Calend\u00e1rio de atividades 1\/2018"},"content":{"rendered":"<p><strong><u>05 de fevereiro de 2018 \u2013 Retorno das aulas referente ao segundo semestre de 2017.<\/u><\/strong><\/p>\n<p><strong><u>MATR\u00cdCULAS ALUNOS REGULARES \u2013 1\/2018<\/u><\/strong><\/p>\n<p>Ingressantes em 2018 e, turmas 2016 e 2017 \u2013 <strong>01 e 02 de mar\u00e7o de 2018<\/strong>.<\/p>\n<p><em>[Aguardem a publica\u00e7\u00e3o das disciplinas que ser\u00e3o ofertadas em 1\/2018].<\/em><\/p>\n<p><strong><u>26 de Mar\u00e7o de 2018<\/u><\/strong><u> \u2013 <strong>14hs<\/strong> \u2013 \u00a0Reuni\u00e3o de Recep\u00e7\u00e3o Turmas 2016, 2017 e 2018 com a Coordena\u00e7\u00e3o do PPGS<\/u><\/p>\n<p><strong><u>\u00a016hs &#8211;<\/u><\/strong><u>\u00a0 Reuni\u00e3o de Recep\u00e7\u00e3o com o Corpo Docente e Discente.<\/u><\/p>\n<p><strong><u>In\u00edcio das aulas 1\/2018 \u2013 27 de mar\u00e7o de 2018.<\/u><\/strong><\/p>\n<p><strong>\u00a0<\/strong><\/p>\n<p><strong><u>INSCRI\u00c7\u00d5ES ALUNOS ESPECIAIS \u2013 1 \/2018<\/u><\/strong><\/p>\n<p>Inscri\u00e7\u00f5es Alunos especiais \u2013 <strong>19 a 23 de mar\u00e7o de 2018<\/strong>.<\/p>\n<p><em>[Aguardem o lan\u00e7amento do Edital de Alunos Especiais]<\/em><\/p>\n<p>Inscri\u00e7\u00f5es Alunos Regulares (de outros) PPGs-UFPel \u00a0<strong>19 a 23 de mar\u00e7o de 2018<\/strong>*<\/p>\n<p>Divulga\u00e7\u00e3o dos Alunos Especiais Aprovados (e de outros PPGs) \u2013 <strong>26 de mar\u00e7o de 2018.<\/strong><\/p>\n<p><strong><u>Matr\u00edcula \u2013 Alunos especiais aprovados \u2013 <\/u><\/strong><strong>26 e 27 de mar\u00e7o de 2018.<\/strong><\/p>\n<p>&nbsp;<\/p>\n<p>*Informa\u00e7\u00f5es estar\u00e3o dispon\u00edveis no edital de aluno especial 1\/2018.<\/p>\n","protected":false},"excerpt":{"rendered":"<p>05 de fevereiro de 2018 \u2013 Retorno das aulas referente ao segundo semestre de 2017. MATR\u00cdCULAS ALUNOS REGULARES \u2013 1\/2018 Ingressantes em 2018 e, turmas 2016 e 2017 \u2013 01 e 02 de mar\u00e7o de 2018. [Aguardem a publica\u00e7\u00e3o das disciplinas que ser\u00e3o ofertadas em 1\/2018]. 26 de Mar\u00e7o de 2018 \u2013 14hs \u2013 \u00a0Reuni\u00e3o [&hellip;]<\/p>\n","protected":false},"author":396,"featured_media":0,"comment_status":"closed","ping_status":"closed","sticky":false,"template":"","format":"standard","meta":{"jetpack_post_was_ever_published":false,"_jetpack_newsletter_access":"","_jetpack_dont_email_post_to_subs":false,"_jetpack_newsletter_tier_id":0,"_jetpack_memberships_contains_paywalled_content":false,"_jetpack_memberships_contains_paid_content":false,"footnotes":"","jetpack_publicize_message":"","jetpack_publicize_feature_enabled":true,"jetpack_social_post_already_shared":true,"jetpack_social_options":{"image_generator_settings":{"template":"highway","default_image_id":0,"font":"","enabled":false},"version":2}},"categories":[18],"tags":[],"class_list":["post-3084","post","type-post","status-publish","format-standard","hentry","category-sem-categoria"],"jetpack_publicize_connections":[],"jetpack_featured_media_url":"","jetpack_sharing_enabled":true,"jetpack_shortlink":"https:\/\/wp.me\/p9dZ0f-NK","jetpack_likes_enabled":true,"jetpack-related-posts":[],"_links":{"self":[{"href":"https:\/\/wp.ufpel.edu.br\/ppgs\/wp-json\/wp\/v2\/posts\/3084","targetHints":{"allow":["GET"]}}],"collection":[{"href":"https:\/\/wp.ufpel.edu.br\/ppgs\/wp-json\/wp\/v2\/posts"}],"about":[{"href":"https:\/\/wp.ufpel.edu.br\/ppgs\/wp-json\/wp\/v2\/types\/post"}],"author":[{"embeddable":true,"href":"https:\/\/wp.ufpel.edu.br\/ppgs\/wp-json\/wp\/v2\/users\/396"}],"replies":[{"embeddable":true,"href":"https:\/\/wp.ufpel.edu.br\/ppgs\/wp-json\/wp\/v2\/comments?post=3084"}],"version-history":[{"count":1,"href":"https:\/\/wp.ufpel.edu.br\/ppgs\/wp-json\/wp\/v2\/posts\/3084\/revisions"}],"predecessor-version":[{"id":3086,"href":"https:\/\/wp.ufpel.edu.br\/ppgs\/wp-json\/wp\/v2\/posts\/3084\/revisions\/3086"}],"wp:attachment":[{"href":"https:\/\/wp.ufpel.edu.br\/ppgs\/wp-json\/wp\/v2\/media?parent=3084"}],"wp:term":[{"taxonomy":"category","embeddable":true,"href":"https:\/\/wp.ufpel.edu.br\/ppgs\/wp-json\/wp\/v2\/categories?post=3084"},{"taxonomy":"post_tag","embeddable":true,"href":"https:\/\/wp.ufpel.edu.br\/ppgs\/wp-json\/wp\/v2\/tags?post=3084"}],"curies":[{"name":"wp","href":"https:\/\/api.w.org\/{rel}","templated":true}]}}