{"id":3019,"date":"2017-11-07T10:36:07","date_gmt":"2017-11-07T12:36:07","guid":{"rendered":"https:\/\/wp.ufpel.edu.br\/ppgs\/?p=3019"},"modified":"2026-04-20T13:31:39","modified_gmt":"2026-04-20T16:31:39","slug":"v-jornada-brasileira-de-sociologia","status":"publish","type":"post","link":"https:\/\/wp.ufpel.edu.br\/ppgs\/2017\/11\/07\/v-jornada-brasileira-de-sociologia\/","title":{"rendered":"V Jornada Brasileira de Sociologia"},"content":{"rendered":"<p>&nbsp;<\/p>\n<p>A <a href=\"https:\/\/wp.ufpel.edu.br\/jbs\/\">V Jornada Brasileira de Sociologia<\/a> &#8211; V JBS se prop\u00f5e como um espa\u00e7o para incentivar as discuss\u00f5es sobre quais s\u00e3o os desafios, dilemas e oportunidades que uma sociedade democr\u00e1tica tem hoje, ao teor dos problemas sociais, culturais, pol\u00edticos e econ\u00f4micos que parecem estar se aprofundado nas \u00faltimas duas d\u00e9cadas.<\/p>\n<p>A V JBS come\u00e7ar\u00e1 nesta quarta-feira, dia 08\/11,, \u00e0s 18hs, no Audit\u00f3rio da FaE, 3\u00ba andar pr\u00e9dio IFISP (Rua Cel. Alberto Rosa, 154), com a abertura oficial e lan\u00e7amento do livro <strong>O novo esp\u00edrito do capitalismo no Sul<\/strong>: paralelismos e contrastes. Seguidamente, \u00e0s 19hs, teremos a honra de contar com a confer\u00eancia inaugural do Prof. Dr. Federico Lorenc Valcarce &#8211; pesquisador do CONICET\/Argentina, intitulada &#8220;<strong><em>A seguran\u00e7a privada hoje: um fen\u00f4meno enraizado nas sociedades do s\u00e9culo XXI<\/em><\/strong>&#8220;.<\/p>\n<p>As atividades continuar\u00e3o os dias 09 e 10\/11, com sess\u00f5es de GT&#8217;s, mesas redondas, palestra virtual e cine debate. A programa\u00e7\u00e3o completa est\u00e1 dispon\u00edvel <a href=\"https:\/\/wp.ufpel.edu.br\/jbs\/programacao\/\">AQUI<\/a>!<\/p>\n<p>Ainda \u00e9 poss\u00edvel fazer a inscri\u00e7\u00e3o como ouvinte neste <a href=\"https:\/\/goo.gl\/forms\/nqLWA3abgYorP97u1\">link<\/a>.<\/p>\n","protected":false},"excerpt":{"rendered":"<p>&nbsp; A V Jornada Brasileira de Sociologia &#8211; V JBS se prop\u00f5e como um espa\u00e7o para incentivar as discuss\u00f5es sobre quais s\u00e3o os desafios, dilemas e oportunidades que uma sociedade democr\u00e1tica tem hoje, ao teor dos problemas sociais, culturais, pol\u00edticos e econ\u00f4micos que parecem estar se aprofundado nas \u00faltimas duas d\u00e9cadas. A V JBS come\u00e7ar\u00e1 [&hellip;]<\/p>\n","protected":false},"author":396,"featured_media":0,"comment_status":"closed","ping_status":"closed","sticky":false,"template":"","format":"standard","meta":{"jetpack_post_was_ever_published":false,"_jetpack_newsletter_access":"","_jetpack_dont_email_post_to_subs":false,"_jetpack_newsletter_tier_id":0,"_jetpack_memberships_contains_paywalled_content":false,"_jetpack_memberships_contains_paid_content":false,"footnotes":"","jetpack_publicize_message":"","jetpack_publicize_feature_enabled":true,"jetpack_social_post_already_shared":true,"jetpack_social_options":{"image_generator_settings":{"template":"highway","default_image_id":0,"font":"","enabled":false},"version":2}},"categories":[73191],"tags":[],"class_list":["post-3019","post","type-post","status-publish","format-standard","hentry","category-noticias"],"jetpack_publicize_connections":[],"jetpack_featured_media_url":"","jetpack_sharing_enabled":true,"jetpack_shortlink":"https:\/\/wp.me\/p9dZ0f-MH","jetpack_likes_enabled":true,"jetpack-related-posts":[],"_links":{"self":[{"href":"https:\/\/wp.ufpel.edu.br\/ppgs\/wp-json\/wp\/v2\/posts\/3019","targetHints":{"allow":["GET"]}}],"collection":[{"href":"https:\/\/wp.ufpel.edu.br\/ppgs\/wp-json\/wp\/v2\/posts"}],"about":[{"href":"https:\/\/wp.ufpel.edu.br\/ppgs\/wp-json\/wp\/v2\/types\/post"}],"author":[{"embeddable":true,"href":"https:\/\/wp.ufpel.edu.br\/ppgs\/wp-json\/wp\/v2\/users\/396"}],"replies":[{"embeddable":true,"href":"https:\/\/wp.ufpel.edu.br\/ppgs\/wp-json\/wp\/v2\/comments?post=3019"}],"version-history":[{"count":2,"href":"https:\/\/wp.ufpel.edu.br\/ppgs\/wp-json\/wp\/v2\/posts\/3019\/revisions"}],"predecessor-version":[{"id":3409,"href":"https:\/\/wp.ufpel.edu.br\/ppgs\/wp-json\/wp\/v2\/posts\/3019\/revisions\/3409"}],"wp:attachment":[{"href":"https:\/\/wp.ufpel.edu.br\/ppgs\/wp-json\/wp\/v2\/media?parent=3019"}],"wp:term":[{"taxonomy":"category","embeddable":true,"href":"https:\/\/wp.ufpel.edu.br\/ppgs\/wp-json\/wp\/v2\/categories?post=3019"},{"taxonomy":"post_tag","embeddable":true,"href":"https:\/\/wp.ufpel.edu.br\/ppgs\/wp-json\/wp\/v2\/tags?post=3019"}],"curies":[{"name":"wp","href":"https:\/\/api.w.org\/{rel}","templated":true}]}}