{"id":2866,"date":"2017-09-15T16:14:31","date_gmt":"2017-09-15T19:14:31","guid":{"rendered":"https:\/\/wp.ufpel.edu.br\/ppgs\/?p=2866"},"modified":"2017-09-26T18:03:58","modified_gmt":"2017-09-26T21:03:58","slug":"informe-salas-de-aula","status":"publish","type":"post","link":"https:\/\/wp.ufpel.edu.br\/ppgs\/2017\/09\/15\/informe-salas-de-aula\/","title":{"rendered":"Informe salas de aula"},"content":{"rendered":"<p><strong>Informamos a numera\u00e7\u00e3o das salas de aulas para o segundo semestre de 2017:<\/strong><\/p>\n<table style=\"height: 477px\" width=\"717\">\n<tbody>\n<tr>\n<td width=\"501\"><strong>DISCIPLINAS<\/strong><\/td>\n<td width=\"444\"><strong>SALA<\/strong><\/td>\n<\/tr>\n<tr>\n<td width=\"501\">Sociologia Econ\u00f4mica<\/td>\n<td width=\"444\">256<\/td>\n<\/tr>\n<tr>\n<td width=\"501\">Semin\u00e1rio de Hist\u00f3ria Oral<\/td>\n<td width=\"444\">Sala 307 &#8211; Campus II do ICH<\/td>\n<\/tr>\n<tr>\n<td width=\"501\">Empresa, Empresariza\u00e7\u00e3o e sociedade<\/td>\n<td width=\"444\">Sala 1-da p\u00f3s-gradua\u00e7\u00e3o<br \/>\nFAT (Anglo)<\/td>\n<\/tr>\n<tr>\n<td width=\"501\">Teoria Sociol\u00f3gica II<\/td>\n<td width=\"444\">203<\/td>\n<\/tr>\n<tr>\n<td width=\"501\">Semin\u00e1rio de Disserta\u00e7\u00e3o<\/td>\n<td width=\"444\">203<\/td>\n<\/tr>\n<tr>\n<td width=\"501\">Ra\u00e7a, Etnia e Desigualdade Social no Brasil<\/td>\n<td width=\"444\">203<\/td>\n<\/tr>\n<tr>\n<td width=\"501\">Fundamentos de Sociologia<\/td>\n<td width=\"444\">203<\/td>\n<\/tr>\n<tr>\n<td width=\"501\">Sociologia do Trabalho<\/td>\n<td width=\"444\">203<\/td>\n<\/tr>\n<tr>\n<td width=\"501\">T\u00f3picos I -Controle Social: for\u00e7a de trabalho e controle criminal<\/td>\n<td width=\"444\">203<\/td>\n<\/tr>\n<tr>\n<td width=\"501\">T\u00f3picos II- T\u00e9cnicas de pesquisa qualitativa com texto, imagem e v\u00eddeos<\/td>\n<td width=\"444\">203<\/td>\n<\/tr>\n<tr>\n<td width=\"501\">Perspectivas Sociol\u00f3gicas sobre Estado e Desenvolvimento<\/td>\n<td width=\"444\">203<\/td>\n<\/tr>\n<\/tbody>\n<\/table>\n<p>&nbsp;<\/p>\n","protected":false},"excerpt":{"rendered":"<p>Informamos a numera\u00e7\u00e3o das salas de aulas para o segundo semestre de 2017: DISCIPLINAS SALA Sociologia Econ\u00f4mica 256 Semin\u00e1rio de Hist\u00f3ria Oral Sala 307 &#8211; Campus II do ICH Empresa, Empresariza\u00e7\u00e3o e sociedade Sala 1-da p\u00f3s-gradua\u00e7\u00e3o FAT (Anglo) Teoria Sociol\u00f3gica II 203 Semin\u00e1rio de Disserta\u00e7\u00e3o 203 Ra\u00e7a, Etnia e Desigualdade Social no Brasil 203 Fundamentos [&hellip;]<\/p>\n","protected":false},"author":396,"featured_media":0,"comment_status":"closed","ping_status":"closed","sticky":false,"template":"","format":"standard","meta":{"jetpack_post_was_ever_published":false,"_jetpack_newsletter_access":"","_jetpack_dont_email_post_to_subs":false,"_jetpack_newsletter_tier_id":0,"_jetpack_memberships_contains_paywalled_content":false,"_jetpack_memberships_contains_paid_content":false,"footnotes":"","jetpack_publicize_message":"","jetpack_publicize_feature_enabled":true,"jetpack_social_post_already_shared":false,"jetpack_social_options":{"image_generator_settings":{"template":"highway","default_image_id":0,"font":"","enabled":false},"version":2}},"categories":[18],"tags":[],"class_list":["post-2866","post","type-post","status-publish","format-standard","hentry","category-sem-categoria"],"jetpack_publicize_connections":[],"jetpack_featured_media_url":"","jetpack_sharing_enabled":true,"jetpack_shortlink":"https:\/\/wp.me\/p9dZ0f-Ke","jetpack_likes_enabled":true,"jetpack-related-posts":[],"_links":{"self":[{"href":"https:\/\/wp.ufpel.edu.br\/ppgs\/wp-json\/wp\/v2\/posts\/2866","targetHints":{"allow":["GET"]}}],"collection":[{"href":"https:\/\/wp.ufpel.edu.br\/ppgs\/wp-json\/wp\/v2\/posts"}],"about":[{"href":"https:\/\/wp.ufpel.edu.br\/ppgs\/wp-json\/wp\/v2\/types\/post"}],"author":[{"embeddable":true,"href":"https:\/\/wp.ufpel.edu.br\/ppgs\/wp-json\/wp\/v2\/users\/396"}],"replies":[{"embeddable":true,"href":"https:\/\/wp.ufpel.edu.br\/ppgs\/wp-json\/wp\/v2\/comments?post=2866"}],"version-history":[{"count":6,"href":"https:\/\/wp.ufpel.edu.br\/ppgs\/wp-json\/wp\/v2\/posts\/2866\/revisions"}],"predecessor-version":[{"id":2902,"href":"https:\/\/wp.ufpel.edu.br\/ppgs\/wp-json\/wp\/v2\/posts\/2866\/revisions\/2902"}],"wp:attachment":[{"href":"https:\/\/wp.ufpel.edu.br\/ppgs\/wp-json\/wp\/v2\/media?parent=2866"}],"wp:term":[{"taxonomy":"category","embeddable":true,"href":"https:\/\/wp.ufpel.edu.br\/ppgs\/wp-json\/wp\/v2\/categories?post=2866"},{"taxonomy":"post_tag","embeddable":true,"href":"https:\/\/wp.ufpel.edu.br\/ppgs\/wp-json\/wp\/v2\/tags?post=2866"}],"curies":[{"name":"wp","href":"https:\/\/api.w.org\/{rel}","templated":true}]}}