{"id":2825,"date":"2017-08-23T15:37:32","date_gmt":"2017-08-23T18:37:32","guid":{"rendered":"https:\/\/wp.ufpel.edu.br\/ppgs\/?p=2825"},"modified":"2017-08-23T15:37:32","modified_gmt":"2017-08-23T18:37:32","slug":"prof-marcio-rodrigues-participou-de-aula-sobre-reestruturacao-produtiva-na-uncisal-alagoas","status":"publish","type":"post","link":"https:\/\/wp.ufpel.edu.br\/ppgs\/2017\/08\/23\/prof-marcio-rodrigues-participou-de-aula-sobre-reestruturacao-produtiva-na-uncisal-alagoas\/","title":{"rendered":"Prof. M\u00e1rcio Rodrigues participou de aula sobre reestrutura\u00e7\u00e3o produtiva na UNCISAL &#8211; Alagoas"},"content":{"rendered":"<p>Nosso membro do corpo docente &#8211; em qualidade de colaborador, Prof. Dr. M\u00e1rcio Rodrigues, participou nesta terca-feira, 22\/08, da aula &#8220;Reestrutura\u00e7\u00e3o produtiva e precariza\u00e7\u00e3o do trabalho em sa\u00fade&#8221; na Universidade Estadual de Ci\u00eancias da Sa\u00fade de Alagoas &#8211; UNCISAL.<\/p>\n<p>Mais informa\u00e7\u00f5es <a href=\"https:\/\/www.uncisal.edu.br\/estudantes-participam-de-aula-sobre-precarizacao-do-trabalho-em-saude\/\">AQUI<\/a>.<\/p>\n","protected":false},"excerpt":{"rendered":"<p>Nosso membro do corpo docente &#8211; em qualidade de colaborador, Prof. Dr. M\u00e1rcio Rodrigues, participou nesta terca-feira, 22\/08, da aula &#8220;Reestrutura\u00e7\u00e3o produtiva e precariza\u00e7\u00e3o do trabalho em sa\u00fade&#8221; na Universidade Estadual de Ci\u00eancias da Sa\u00fade de Alagoas &#8211; UNCISAL. Mais informa\u00e7\u00f5es AQUI.<\/p>\n","protected":false},"author":396,"featured_media":0,"comment_status":"closed","ping_status":"closed","sticky":false,"template":"","format":"standard","meta":{"jetpack_post_was_ever_published":false,"_jetpack_newsletter_access":"","_jetpack_dont_email_post_to_subs":false,"_jetpack_newsletter_tier_id":0,"_jetpack_memberships_contains_paywalled_content":false,"_jetpack_memberships_contains_paid_content":false,"footnotes":"","jetpack_publicize_message":"","jetpack_publicize_feature_enabled":true,"jetpack_social_post_already_shared":false,"jetpack_social_options":{"image_generator_settings":{"template":"highway","default_image_id":0,"font":"","enabled":false},"version":2}},"categories":[18],"tags":[],"class_list":["post-2825","post","type-post","status-publish","format-standard","hentry","category-sem-categoria"],"jetpack_publicize_connections":[],"jetpack_featured_media_url":"","jetpack_sharing_enabled":true,"jetpack_shortlink":"https:\/\/wp.me\/p9dZ0f-Jz","jetpack_likes_enabled":true,"jetpack-related-posts":[],"_links":{"self":[{"href":"https:\/\/wp.ufpel.edu.br\/ppgs\/wp-json\/wp\/v2\/posts\/2825","targetHints":{"allow":["GET"]}}],"collection":[{"href":"https:\/\/wp.ufpel.edu.br\/ppgs\/wp-json\/wp\/v2\/posts"}],"about":[{"href":"https:\/\/wp.ufpel.edu.br\/ppgs\/wp-json\/wp\/v2\/types\/post"}],"author":[{"embeddable":true,"href":"https:\/\/wp.ufpel.edu.br\/ppgs\/wp-json\/wp\/v2\/users\/396"}],"replies":[{"embeddable":true,"href":"https:\/\/wp.ufpel.edu.br\/ppgs\/wp-json\/wp\/v2\/comments?post=2825"}],"version-history":[{"count":1,"href":"https:\/\/wp.ufpel.edu.br\/ppgs\/wp-json\/wp\/v2\/posts\/2825\/revisions"}],"predecessor-version":[{"id":2827,"href":"https:\/\/wp.ufpel.edu.br\/ppgs\/wp-json\/wp\/v2\/posts\/2825\/revisions\/2827"}],"wp:attachment":[{"href":"https:\/\/wp.ufpel.edu.br\/ppgs\/wp-json\/wp\/v2\/media?parent=2825"}],"wp:term":[{"taxonomy":"category","embeddable":true,"href":"https:\/\/wp.ufpel.edu.br\/ppgs\/wp-json\/wp\/v2\/categories?post=2825"},{"taxonomy":"post_tag","embeddable":true,"href":"https:\/\/wp.ufpel.edu.br\/ppgs\/wp-json\/wp\/v2\/tags?post=2825"}],"curies":[{"name":"wp","href":"https:\/\/api.w.org\/{rel}","templated":true}]}}