{"id":2755,"date":"2017-07-31T20:30:41","date_gmt":"2017-07-31T23:30:41","guid":{"rendered":"https:\/\/wp.ufpel.edu.br\/ppgs\/?p=2755"},"modified":"2017-07-31T20:37:15","modified_gmt":"2017-07-31T23:37:15","slug":"o-ppgs-teve-uma-otima-participacao-no-18o-congresso-da-sbs","status":"publish","type":"post","link":"https:\/\/wp.ufpel.edu.br\/ppgs\/2017\/07\/31\/o-ppgs-teve-uma-otima-participacao-no-18o-congresso-da-sbs\/","title":{"rendered":"O PPGS teve uma \u00f3tima participa\u00e7\u00e3o no 18\u00ba Congresso da SBS"},"content":{"rendered":"<p>No 18\u00ba Congresso da SBS &#8211; Sociedade Brasileira de Sociologia, celebrado de 26 a 29 de julho em Bras\u00edlia\/DF, um nutrido grupo de professores, pesquisadores PNPD, estudantes e egressos do PPGS\/UFPel participou ativamente das atividades programadas.<\/p>\n<p>Mesas redondas, GTs e Soci\u00f3logos do Futuro tiveram presen\u00e7a dos membros de nossa comunidade, tanto em qualidade de apresentadores quanto de ouvintes. Tamb\u00e9m, houve participa\u00e7\u00e3o noutras atividades como a Reuni\u00e3o de Coordenadores dos PPG, o VI Encontro de Editores em Ci\u00eancias Sociais e o F\u00f3rum de Revistas Brasileiras de Estudantes de Ci\u00eancias Sociais.<\/p>\n\n\t\t<style type=\"text\/css\">\n\t\t\t#gallery-1 {\n\t\t\t\tmargin: auto;\n\t\t\t}\n\t\t\t#gallery-1 .gallery-item {\n\t\t\t\tfloat: left;\n\t\t\t\tmargin-top: 10px;\n\t\t\t\ttext-align: center;\n\t\t\t\twidth: 20%;\n\t\t\t}\n\t\t\t#gallery-1 img {\n\t\t\t\tborder: 2px solid #cfcfcf;\n\t\t\t}\n\t\t\t#gallery-1 .gallery-caption {\n\t\t\t\tmargin-left: 0;\n\t\t\t}\n\t\t\t\/* see gallery_shortcode() in wp-includes\/media.php *\/\n\t\t<\/style>\n\t\t<div data-carousel-extra='{&quot;blog_id&quot;:398,&quot;permalink&quot;:&quot;https:\/\/wp.ufpel.edu.br\/ppgs\/2017\/07\/31\/o-ppgs-teve-uma-otima-participacao-no-18o-congresso-da-sbs\/&quot;}' id='gallery-1' class='gallery galleryid-2755 gallery-columns-5 gallery-size-medium'><dl class='gallery-item'>\n\t\t\t<dt class='gallery-icon landscape'>\n\t\t\t\t<a href='https:\/\/wp.ufpel.edu.br\/ppgs\/samsung-camera-pictures-38\/'><img width=\"400\" height=\"300\" src=\"https:\/\/i0.wp.com\/wp.ufpel.edu.br\/ppgs\/files\/2017\/07\/SBS2.jpg?fit=400%2C300&amp;ssl=1\" class=\"attachment-medium size-medium\" alt=\"\" srcset=\"https:\/\/i0.wp.com\/wp.ufpel.edu.br\/ppgs\/files\/2017\/07\/SBS2.jpg?w=1600&amp;ssl=1 1600w, https:\/\/i0.wp.com\/wp.ufpel.edu.br\/ppgs\/files\/2017\/07\/SBS2.jpg?resize=400%2C300&amp;ssl=1 400w, https:\/\/i0.wp.com\/wp.ufpel.edu.br\/ppgs\/files\/2017\/07\/SBS2.jpg?resize=768%2C576&amp;ssl=1 768w, https:\/\/i0.wp.com\/wp.ufpel.edu.br\/ppgs\/files\/2017\/07\/SBS2.jpg?resize=1024%2C768&amp;ssl=1 1024w\" sizes=\"(max-width: 400px) 100vw, 400px\" data-attachment-id=\"2753\" data-permalink=\"https:\/\/wp.ufpel.edu.br\/ppgs\/samsung-camera-pictures-38\/\" data-orig-file=\"https:\/\/i0.wp.com\/wp.ufpel.edu.br\/ppgs\/files\/2017\/07\/SBS2.jpg?fit=1600%2C1200&amp;ssl=1\" data-orig-size=\"1600,1200\" data-comments-opened=\"0\" data-image-meta=\"{&quot;aperture&quot;:&quot;2.5&quot;,&quot;credit&quot;:&quot;&quot;,&quot;camera&quot;:&quot;ST150F\/ST151F\/ST152F&quot;,&quot;caption&quot;:&quot;SAMSUNG CAMERA PICTURES&quot;,&quot;created_timestamp&quot;:&quot;1501257296&quot;,&quot;copyright&quot;:&quot;Copyright 2012&quot;,&quot;focal_length&quot;:&quot;4.5&quot;,&quot;iso&quot;:&quot;640&quot;,&quot;shutter_speed&quot;:&quot;0.1&quot;,&quot;title&quot;:&quot;SAMSUNG CAMERA PICTURES&quot;,&quot;orientation&quot;:&quot;1&quot;}\" data-image-title=\"Professores, estudantes e egressos do PPGS\/UFPel\" data-image-description=\"\" data-image-caption=\"\" data-medium-file=\"https:\/\/i0.wp.com\/wp.ufpel.edu.br\/ppgs\/files\/2017\/07\/SBS2.jpg?fit=400%2C300&amp;ssl=1\" data-large-file=\"https:\/\/i0.wp.com\/wp.ufpel.edu.br\/ppgs\/files\/2017\/07\/SBS2.jpg?fit=1024%2C768&amp;ssl=1\" \/><\/a>\n\t\t\t<\/dt><\/dl><dl class='gallery-item'>\n\t\t\t<dt class='gallery-icon landscape'>\n\t\t\t\t<a href='https:\/\/wp.ufpel.edu.br\/ppgs\/samsung-camera-pictures-37\/'><img width=\"400\" height=\"300\" src=\"https:\/\/i0.wp.com\/wp.ufpel.edu.br\/ppgs\/files\/2017\/07\/SBS3.jpg?fit=400%2C300&amp;ssl=1\" class=\"attachment-medium size-medium\" alt=\"\" srcset=\"https:\/\/i0.wp.com\/wp.ufpel.edu.br\/ppgs\/files\/2017\/07\/SBS3.jpg?w=1600&amp;ssl=1 1600w, https:\/\/i0.wp.com\/wp.ufpel.edu.br\/ppgs\/files\/2017\/07\/SBS3.jpg?resize=400%2C300&amp;ssl=1 400w, https:\/\/i0.wp.com\/wp.ufpel.edu.br\/ppgs\/files\/2017\/07\/SBS3.jpg?resize=768%2C576&amp;ssl=1 768w, https:\/\/i0.wp.com\/wp.ufpel.edu.br\/ppgs\/files\/2017\/07\/SBS3.jpg?resize=1024%2C768&amp;ssl=1 1024w\" sizes=\"(max-width: 400px) 100vw, 400px\" data-attachment-id=\"2752\" data-permalink=\"https:\/\/wp.ufpel.edu.br\/ppgs\/samsung-camera-pictures-37\/\" data-orig-file=\"https:\/\/i0.wp.com\/wp.ufpel.edu.br\/ppgs\/files\/2017\/07\/SBS3.jpg?fit=1600%2C1200&amp;ssl=1\" data-orig-size=\"1600,1200\" data-comments-opened=\"0\" data-image-meta=\"{&quot;aperture&quot;:&quot;2.5&quot;,&quot;credit&quot;:&quot;&quot;,&quot;camera&quot;:&quot;ST150F\/ST151F\/ST152F&quot;,&quot;caption&quot;:&quot;SAMSUNG CAMERA PICTURES&quot;,&quot;created_timestamp&quot;:&quot;1501269994&quot;,&quot;copyright&quot;:&quot;Copyright 2012&quot;,&quot;focal_length&quot;:&quot;4.5&quot;,&quot;iso&quot;:&quot;400&quot;,&quot;shutter_speed&quot;:&quot;0.125&quot;,&quot;title&quot;:&quot;SAMSUNG CAMERA PICTURES&quot;,&quot;orientation&quot;:&quot;1&quot;}\" data-image-title=\"Professores, estudantes e egressos do PPGS\/UFPel\" data-image-description=\"\" data-image-caption=\"\" data-medium-file=\"https:\/\/i0.wp.com\/wp.ufpel.edu.br\/ppgs\/files\/2017\/07\/SBS3.jpg?fit=400%2C300&amp;ssl=1\" data-large-file=\"https:\/\/i0.wp.com\/wp.ufpel.edu.br\/ppgs\/files\/2017\/07\/SBS3.jpg?fit=1024%2C768&amp;ssl=1\" \/><\/a>\n\t\t\t<\/dt><\/dl><dl class='gallery-item'>\n\t\t\t<dt class='gallery-icon landscape'>\n\t\t\t\t<a href='https:\/\/wp.ufpel.edu.br\/ppgs\/samsung-camera-pictures-35\/'><img width=\"400\" height=\"300\" src=\"https:\/\/i0.wp.com\/wp.ufpel.edu.br\/ppgs\/files\/2017\/07\/SBS5.jpg?fit=400%2C300&amp;ssl=1\" class=\"attachment-medium size-medium\" alt=\"\" srcset=\"https:\/\/i0.wp.com\/wp.ufpel.edu.br\/ppgs\/files\/2017\/07\/SBS5.jpg?w=1600&amp;ssl=1 1600w, https:\/\/i0.wp.com\/wp.ufpel.edu.br\/ppgs\/files\/2017\/07\/SBS5.jpg?resize=400%2C300&amp;ssl=1 400w, https:\/\/i0.wp.com\/wp.ufpel.edu.br\/ppgs\/files\/2017\/07\/SBS5.jpg?resize=768%2C576&amp;ssl=1 768w, https:\/\/i0.wp.com\/wp.ufpel.edu.br\/ppgs\/files\/2017\/07\/SBS5.jpg?resize=1024%2C768&amp;ssl=1 1024w\" sizes=\"(max-width: 400px) 100vw, 400px\" data-attachment-id=\"2750\" data-permalink=\"https:\/\/wp.ufpel.edu.br\/ppgs\/samsung-camera-pictures-35\/\" data-orig-file=\"https:\/\/i0.wp.com\/wp.ufpel.edu.br\/ppgs\/files\/2017\/07\/SBS5.jpg?fit=1600%2C1200&amp;ssl=1\" data-orig-size=\"1600,1200\" data-comments-opened=\"0\" data-image-meta=\"{&quot;aperture&quot;:&quot;3.6&quot;,&quot;credit&quot;:&quot;&quot;,&quot;camera&quot;:&quot;ST150F\/ST151F\/ST152F&quot;,&quot;caption&quot;:&quot;SAMSUNG CAMERA PICTURES&quot;,&quot;created_timestamp&quot;:&quot;1501164171&quot;,&quot;copyright&quot;:&quot;Copyright 2012&quot;,&quot;focal_length&quot;:&quot;9.7&quot;,&quot;iso&quot;:&quot;640&quot;,&quot;shutter_speed&quot;:&quot;0.033333333333333&quot;,&quot;title&quot;:&quot;SAMSUNG CAMERA PICTURES&quot;,&quot;orientation&quot;:&quot;1&quot;}\" data-image-title=\"Profa. Elaine Leite e Mestra Tanise Brincker na apresenta\u00e7\u00e3o do seu trabalho\" data-image-description=\"\" data-image-caption=\"\" data-medium-file=\"https:\/\/i0.wp.com\/wp.ufpel.edu.br\/ppgs\/files\/2017\/07\/SBS5.jpg?fit=400%2C300&amp;ssl=1\" data-large-file=\"https:\/\/i0.wp.com\/wp.ufpel.edu.br\/ppgs\/files\/2017\/07\/SBS5.jpg?fit=1024%2C768&amp;ssl=1\" \/><\/a>\n\t\t\t<\/dt><\/dl><dl class='gallery-item'>\n\t\t\t<dt class='gallery-icon landscape'>\n\t\t\t\t<a href='https:\/\/wp.ufpel.edu.br\/ppgs\/samsung-camera-pictures-34\/'><img width=\"400\" height=\"300\" src=\"https:\/\/i0.wp.com\/wp.ufpel.edu.br\/ppgs\/files\/2017\/07\/SBS6.jpg?fit=400%2C300&amp;ssl=1\" class=\"attachment-medium size-medium\" alt=\"\" srcset=\"https:\/\/i0.wp.com\/wp.ufpel.edu.br\/ppgs\/files\/2017\/07\/SBS6.jpg?w=1600&amp;ssl=1 1600w, https:\/\/i0.wp.com\/wp.ufpel.edu.br\/ppgs\/files\/2017\/07\/SBS6.jpg?resize=400%2C300&amp;ssl=1 400w, https:\/\/i0.wp.com\/wp.ufpel.edu.br\/ppgs\/files\/2017\/07\/SBS6.jpg?resize=768%2C576&amp;ssl=1 768w, https:\/\/i0.wp.com\/wp.ufpel.edu.br\/ppgs\/files\/2017\/07\/SBS6.jpg?resize=1024%2C768&amp;ssl=1 1024w\" sizes=\"(max-width: 400px) 100vw, 400px\" data-attachment-id=\"2749\" data-permalink=\"https:\/\/wp.ufpel.edu.br\/ppgs\/samsung-camera-pictures-34\/\" data-orig-file=\"https:\/\/i0.wp.com\/wp.ufpel.edu.br\/ppgs\/files\/2017\/07\/SBS6.jpg?fit=1600%2C1200&amp;ssl=1\" data-orig-size=\"1600,1200\" data-comments-opened=\"0\" data-image-meta=\"{&quot;aperture&quot;:&quot;4.1&quot;,&quot;credit&quot;:&quot;&quot;,&quot;camera&quot;:&quot;ST150F\/ST151F\/ST152F&quot;,&quot;caption&quot;:&quot;SAMSUNG CAMERA PICTURES&quot;,&quot;created_timestamp&quot;:&quot;1501258705&quot;,&quot;copyright&quot;:&quot;Copyright 2012&quot;,&quot;focal_length&quot;:&quot;12&quot;,&quot;iso&quot;:&quot;480&quot;,&quot;shutter_speed&quot;:&quot;0.022222222222222&quot;,&quot;title&quot;:&quot;SAMSUNG CAMERA PICTURES&quot;,&quot;orientation&quot;:&quot;1&quot;}\" data-image-title=\"Profa. Elaine Leite e Prof. Marcus Spolle na apresenta\u00e7\u00e3o do seu trabalho\" data-image-description=\"\" data-image-caption=\"\" data-medium-file=\"https:\/\/i0.wp.com\/wp.ufpel.edu.br\/ppgs\/files\/2017\/07\/SBS6.jpg?fit=400%2C300&amp;ssl=1\" data-large-file=\"https:\/\/i0.wp.com\/wp.ufpel.edu.br\/ppgs\/files\/2017\/07\/SBS6.jpg?fit=1024%2C768&amp;ssl=1\" \/><\/a>\n\t\t\t<\/dt><\/dl><dl class='gallery-item'>\n\t\t\t<dt class='gallery-icon landscape'>\n\t\t\t\t<a href='https:\/\/wp.ufpel.edu.br\/ppgs\/samsung-camera-pictures-33\/'><img width=\"400\" height=\"300\" src=\"https:\/\/i0.wp.com\/wp.ufpel.edu.br\/ppgs\/files\/2017\/07\/SBS7.jpg?fit=400%2C300&amp;ssl=1\" class=\"attachment-medium size-medium\" alt=\"\" srcset=\"https:\/\/i0.wp.com\/wp.ufpel.edu.br\/ppgs\/files\/2017\/07\/SBS7.jpg?w=1600&amp;ssl=1 1600w, https:\/\/i0.wp.com\/wp.ufpel.edu.br\/ppgs\/files\/2017\/07\/SBS7.jpg?resize=400%2C300&amp;ssl=1 400w, https:\/\/i0.wp.com\/wp.ufpel.edu.br\/ppgs\/files\/2017\/07\/SBS7.jpg?resize=768%2C576&amp;ssl=1 768w, https:\/\/i0.wp.com\/wp.ufpel.edu.br\/ppgs\/files\/2017\/07\/SBS7.jpg?resize=1024%2C768&amp;ssl=1 1024w\" sizes=\"(max-width: 400px) 100vw, 400px\" data-attachment-id=\"2748\" data-permalink=\"https:\/\/wp.ufpel.edu.br\/ppgs\/samsung-camera-pictures-33\/\" data-orig-file=\"https:\/\/i0.wp.com\/wp.ufpel.edu.br\/ppgs\/files\/2017\/07\/SBS7.jpg?fit=1600%2C1200&amp;ssl=1\" data-orig-size=\"1600,1200\" data-comments-opened=\"0\" data-image-meta=\"{&quot;aperture&quot;:&quot;5.2&quot;,&quot;credit&quot;:&quot;&quot;,&quot;camera&quot;:&quot;ST150F\/ST151F\/ST152F&quot;,&quot;caption&quot;:&quot;SAMSUNG CAMERA PICTURES&quot;,&quot;created_timestamp&quot;:&quot;1501338806&quot;,&quot;copyright&quot;:&quot;Copyright 2012&quot;,&quot;focal_length&quot;:&quot;18&quot;,&quot;iso&quot;:&quot;640&quot;,&quot;shutter_speed&quot;:&quot;0.125&quot;,&quot;title&quot;:&quot;SAMSUNG CAMERA PICTURES&quot;,&quot;orientation&quot;:&quot;1&quot;}\" data-image-title=\"Prof. Pedro Robertt na apresenta\u00e7\u00e3o do seu trabalho\" data-image-description=\"\" data-image-caption=\"\" data-medium-file=\"https:\/\/i0.wp.com\/wp.ufpel.edu.br\/ppgs\/files\/2017\/07\/SBS7.jpg?fit=400%2C300&amp;ssl=1\" data-large-file=\"https:\/\/i0.wp.com\/wp.ufpel.edu.br\/ppgs\/files\/2017\/07\/SBS7.jpg?fit=1024%2C768&amp;ssl=1\" \/><\/a>\n\t\t\t<\/dt><\/dl><br style=\"clear: both\" \/>\n\t\t<\/div>\n\n","protected":false},"excerpt":{"rendered":"<p>No 18\u00ba Congresso da SBS &#8211; Sociedade Brasileira de Sociologia, celebrado de 26 a 29 de julho em Bras\u00edlia\/DF, um nutrido grupo de professores, pesquisadores PNPD, estudantes e egressos do PPGS\/UFPel participou ativamente das atividades programadas. Mesas redondas, GTs e Soci\u00f3logos do Futuro tiveram presen\u00e7a dos membros de nossa comunidade, tanto em qualidade de apresentadores [&hellip;]<\/p>\n","protected":false},"author":396,"featured_media":0,"comment_status":"closed","ping_status":"closed","sticky":false,"template":"","format":"standard","meta":{"jetpack_post_was_ever_published":false,"_jetpack_newsletter_access":"","_jetpack_dont_email_post_to_subs":false,"_jetpack_newsletter_tier_id":0,"_jetpack_memberships_contains_paywalled_content":false,"_jetpack_memberships_contains_paid_content":false,"footnotes":"","jetpack_publicize_message":"","jetpack_publicize_feature_enabled":true,"jetpack_social_post_already_shared":false,"jetpack_social_options":{"image_generator_settings":{"template":"highway","default_image_id":0,"font":"","enabled":false},"version":2}},"categories":[18],"tags":[],"class_list":["post-2755","post","type-post","status-publish","format-standard","hentry","category-sem-categoria"],"jetpack_publicize_connections":[],"jetpack_featured_media_url":"","jetpack_sharing_enabled":true,"jetpack_shortlink":"https:\/\/wp.me\/p9dZ0f-Ir","jetpack_likes_enabled":true,"jetpack-related-posts":[],"_links":{"self":[{"href":"https:\/\/wp.ufpel.edu.br\/ppgs\/wp-json\/wp\/v2\/posts\/2755","targetHints":{"allow":["GET"]}}],"collection":[{"href":"https:\/\/wp.ufpel.edu.br\/ppgs\/wp-json\/wp\/v2\/posts"}],"about":[{"href":"https:\/\/wp.ufpel.edu.br\/ppgs\/wp-json\/wp\/v2\/types\/post"}],"author":[{"embeddable":true,"href":"https:\/\/wp.ufpel.edu.br\/ppgs\/wp-json\/wp\/v2\/users\/396"}],"replies":[{"embeddable":true,"href":"https:\/\/wp.ufpel.edu.br\/ppgs\/wp-json\/wp\/v2\/comments?post=2755"}],"version-history":[{"count":3,"href":"https:\/\/wp.ufpel.edu.br\/ppgs\/wp-json\/wp\/v2\/posts\/2755\/revisions"}],"predecessor-version":[{"id":2758,"href":"https:\/\/wp.ufpel.edu.br\/ppgs\/wp-json\/wp\/v2\/posts\/2755\/revisions\/2758"}],"wp:attachment":[{"href":"https:\/\/wp.ufpel.edu.br\/ppgs\/wp-json\/wp\/v2\/media?parent=2755"}],"wp:term":[{"taxonomy":"category","embeddable":true,"href":"https:\/\/wp.ufpel.edu.br\/ppgs\/wp-json\/wp\/v2\/categories?post=2755"},{"taxonomy":"post_tag","embeddable":true,"href":"https:\/\/wp.ufpel.edu.br\/ppgs\/wp-json\/wp\/v2\/tags?post=2755"}],"curies":[{"name":"wp","href":"https:\/\/api.w.org\/{rel}","templated":true}]}}