{"id":2698,"date":"2017-07-20T16:00:24","date_gmt":"2017-07-20T19:00:24","guid":{"rendered":"https:\/\/wp.ufpel.edu.br\/ppgs\/?p=2698"},"modified":"2017-07-20T16:00:24","modified_gmt":"2017-07-20T19:00:24","slug":"convite-defesa-de-qualificacao","status":"publish","type":"post","link":"https:\/\/wp.ufpel.edu.br\/ppgs\/2017\/07\/20\/convite-defesa-de-qualificacao\/","title":{"rendered":"Convite defesa de Qualifica\u00e7\u00e3o"},"content":{"rendered":"<p>&nbsp;<\/p>\n<p>Discente: Leandro Almeida de Tunes<\/p>\n<p>T\u00edtulo do trabalho: Pol\u00edtica P\u00fablica, Reconhecimento Social e Identidade: Cooperativas de Triagem de Materiais Recicl\u00e1veis de Pelotas-RS.<\/p>\n<p>Data: 04\/08\/2017 \u00e0s 14h:30min<\/p>\n<p>Sala: 245 &#8211; IFISP<\/p>\n","protected":false},"excerpt":{"rendered":"<p>&nbsp; Discente: Leandro Almeida de Tunes T\u00edtulo do trabalho: Pol\u00edtica P\u00fablica, Reconhecimento Social e Identidade: Cooperativas de Triagem de Materiais Recicl\u00e1veis de Pelotas-RS. Data: 04\/08\/2017 \u00e0s 14h:30min Sala: 245 &#8211; IFISP<\/p>\n","protected":false},"author":396,"featured_media":0,"comment_status":"closed","ping_status":"closed","sticky":false,"template":"","format":"standard","meta":{"jetpack_post_was_ever_published":false,"_jetpack_newsletter_access":"","_jetpack_dont_email_post_to_subs":false,"_jetpack_newsletter_tier_id":0,"_jetpack_memberships_contains_paywalled_content":false,"_jetpack_memberships_contains_paid_content":false,"footnotes":"","jetpack_publicize_message":"","jetpack_publicize_feature_enabled":true,"jetpack_social_post_already_shared":false,"jetpack_social_options":{"image_generator_settings":{"template":"highway","default_image_id":0,"font":"","enabled":false},"version":2}},"categories":[18],"tags":[],"class_list":["post-2698","post","type-post","status-publish","format-standard","hentry","category-sem-categoria"],"jetpack_publicize_connections":[],"jetpack_featured_media_url":"","jetpack_sharing_enabled":true,"jetpack_shortlink":"https:\/\/wp.me\/p9dZ0f-Hw","jetpack_likes_enabled":true,"jetpack-related-posts":[],"_links":{"self":[{"href":"https:\/\/wp.ufpel.edu.br\/ppgs\/wp-json\/wp\/v2\/posts\/2698","targetHints":{"allow":["GET"]}}],"collection":[{"href":"https:\/\/wp.ufpel.edu.br\/ppgs\/wp-json\/wp\/v2\/posts"}],"about":[{"href":"https:\/\/wp.ufpel.edu.br\/ppgs\/wp-json\/wp\/v2\/types\/post"}],"author":[{"embeddable":true,"href":"https:\/\/wp.ufpel.edu.br\/ppgs\/wp-json\/wp\/v2\/users\/396"}],"replies":[{"embeddable":true,"href":"https:\/\/wp.ufpel.edu.br\/ppgs\/wp-json\/wp\/v2\/comments?post=2698"}],"version-history":[{"count":1,"href":"https:\/\/wp.ufpel.edu.br\/ppgs\/wp-json\/wp\/v2\/posts\/2698\/revisions"}],"predecessor-version":[{"id":2700,"href":"https:\/\/wp.ufpel.edu.br\/ppgs\/wp-json\/wp\/v2\/posts\/2698\/revisions\/2700"}],"wp:attachment":[{"href":"https:\/\/wp.ufpel.edu.br\/ppgs\/wp-json\/wp\/v2\/media?parent=2698"}],"wp:term":[{"taxonomy":"category","embeddable":true,"href":"https:\/\/wp.ufpel.edu.br\/ppgs\/wp-json\/wp\/v2\/categories?post=2698"},{"taxonomy":"post_tag","embeddable":true,"href":"https:\/\/wp.ufpel.edu.br\/ppgs\/wp-json\/wp\/v2\/tags?post=2698"}],"curies":[{"name":"wp","href":"https:\/\/api.w.org\/{rel}","templated":true}]}}