{"id":2682,"date":"2017-07-11T16:15:51","date_gmt":"2017-07-11T19:15:51","guid":{"rendered":"https:\/\/wp.ufpel.edu.br\/ppgs\/?p=2682"},"modified":"2017-07-11T16:15:51","modified_gmt":"2017-07-11T19:15:51","slug":"convites-de-defesas","status":"publish","type":"post","link":"https:\/\/wp.ufpel.edu.br\/ppgs\/2017\/07\/11\/convites-de-defesas\/","title":{"rendered":"Convites de defesas"},"content":{"rendered":"<p>O PPGS convida para as seguintes defesas:<\/p>\n<p><strong>Qualifica\u00e7\u00e3o<\/strong><\/p>\n<p>Discente: Alejandro Rafael Maldonado Ferm\u00edn<\/p>\n<p>T\u00edtulo do trabalho: Imagin\u00e1rios de inseguran\u00e7a: seguran\u00e7a privada e vida cotidiana nas cidades m\u00e9dias de Pelotas e Rio Grande-RS.<\/p>\n<p>Data: 20\/07\/2017 \u00e0s 14h30min<\/p>\n<p>Sala: 316 &#8211; IFISP<\/p>\n<p><strong>Disserta\u00e7\u00e3o<\/strong><\/p>\n<p>Discente: Maria Emilia Valli Buttow<\/p>\n<p>Titulo do Trabalho: Trabalho dom\u00e9stico: as percep\u00e7\u00f5es sociais sobre a luta por reconhecimento e a nova legisla\u00e7\u00e3o trabalhista em audi\u00eancias na Justi\u00e7a do Trabalho de Pelotas.<\/p>\n<p>Data: 21\/07\/2017 \u00e0s 14h<\/p>\n<p>Sala: 316 &#8211; IFISP<\/p>\n<p>&nbsp;<\/p>\n","protected":false},"excerpt":{"rendered":"<p>O PPGS convida para as seguintes defesas: Qualifica\u00e7\u00e3o Discente: Alejandro Rafael Maldonado Ferm\u00edn T\u00edtulo do trabalho: Imagin\u00e1rios de inseguran\u00e7a: seguran\u00e7a privada e vida cotidiana nas cidades m\u00e9dias de Pelotas e Rio Grande-RS. Data: 20\/07\/2017 \u00e0s 14h30min Sala: 316 &#8211; IFISP Disserta\u00e7\u00e3o Discente: Maria Emilia Valli Buttow Titulo do Trabalho: Trabalho dom\u00e9stico: as percep\u00e7\u00f5es sociais sobre [&hellip;]<\/p>\n","protected":false},"author":396,"featured_media":0,"comment_status":"closed","ping_status":"closed","sticky":false,"template":"","format":"standard","meta":{"jetpack_post_was_ever_published":false,"_jetpack_newsletter_access":"","_jetpack_dont_email_post_to_subs":false,"_jetpack_newsletter_tier_id":0,"_jetpack_memberships_contains_paywalled_content":false,"_jetpack_memberships_contains_paid_content":false,"footnotes":"","jetpack_publicize_message":"","jetpack_publicize_feature_enabled":true,"jetpack_social_post_already_shared":false,"jetpack_social_options":{"image_generator_settings":{"template":"highway","default_image_id":0,"font":"","enabled":false},"version":2}},"categories":[18],"tags":[],"class_list":["post-2682","post","type-post","status-publish","format-standard","hentry","category-sem-categoria"],"jetpack_publicize_connections":[],"jetpack_featured_media_url":"","jetpack_sharing_enabled":true,"jetpack_shortlink":"https:\/\/wp.me\/p9dZ0f-Hg","jetpack_likes_enabled":true,"jetpack-related-posts":[],"_links":{"self":[{"href":"https:\/\/wp.ufpel.edu.br\/ppgs\/wp-json\/wp\/v2\/posts\/2682","targetHints":{"allow":["GET"]}}],"collection":[{"href":"https:\/\/wp.ufpel.edu.br\/ppgs\/wp-json\/wp\/v2\/posts"}],"about":[{"href":"https:\/\/wp.ufpel.edu.br\/ppgs\/wp-json\/wp\/v2\/types\/post"}],"author":[{"embeddable":true,"href":"https:\/\/wp.ufpel.edu.br\/ppgs\/wp-json\/wp\/v2\/users\/396"}],"replies":[{"embeddable":true,"href":"https:\/\/wp.ufpel.edu.br\/ppgs\/wp-json\/wp\/v2\/comments?post=2682"}],"version-history":[{"count":1,"href":"https:\/\/wp.ufpel.edu.br\/ppgs\/wp-json\/wp\/v2\/posts\/2682\/revisions"}],"predecessor-version":[{"id":2684,"href":"https:\/\/wp.ufpel.edu.br\/ppgs\/wp-json\/wp\/v2\/posts\/2682\/revisions\/2684"}],"wp:attachment":[{"href":"https:\/\/wp.ufpel.edu.br\/ppgs\/wp-json\/wp\/v2\/media?parent=2682"}],"wp:term":[{"taxonomy":"category","embeddable":true,"href":"https:\/\/wp.ufpel.edu.br\/ppgs\/wp-json\/wp\/v2\/categories?post=2682"},{"taxonomy":"post_tag","embeddable":true,"href":"https:\/\/wp.ufpel.edu.br\/ppgs\/wp-json\/wp\/v2\/tags?post=2682"}],"curies":[{"name":"wp","href":"https:\/\/api.w.org\/{rel}","templated":true}]}}