{"id":2587,"date":"2017-06-19T15:45:56","date_gmt":"2017-06-19T18:45:56","guid":{"rendered":"https:\/\/wp.ufpel.edu.br\/ppgs\/?p=2587"},"modified":"2017-06-19T15:47:42","modified_gmt":"2017-06-19T18:47:42","slug":"chamada-revista-perspectivas-sociais-edicao-20172018","status":"publish","type":"post","link":"https:\/\/wp.ufpel.edu.br\/ppgs\/2017\/06\/19\/chamada-revista-perspectivas-sociais-edicao-20172018\/","title":{"rendered":"Chamada &#8211; Revista Perspectivas Sociais &#8211; edi\u00e7\u00e3o 2017\/2018"},"content":{"rendered":"<p>A nossa Revista Perspectivas Sociais j\u00e1 abriu a chamada para contribu\u00e7\u00f5es no n\u00famero dedicado \u00e0 quest\u00e3o: <a href=\"https:\/\/wp.ufpel.edu.br\/ppgs\/files\/2017\/06\/Chamada-Rev.-Perspectivas-Sociais-edi\u00e7\u00e3o-2017-2018.pdf\">As m\u00eddias e as suas interfaces sociol\u00f3gicas<\/a>.<\/p>\n<p>Para mais informa\u00e7\u00f5es, clique <a href=\"https:\/\/periodicos.ufpel.edu.br\/ojs2\/index.php\/percsoc\/index\">AQUI<\/a>!<\/p>\n<p>&nbsp;<\/p>\n<p><a href=\"https:\/\/i0.wp.com\/wp.ufpel.edu.br\/ppgs\/files\/2017\/06\/imagem-1.jpg?ssl=1\"><img data-recalc-dims=\"1\" data-attachment-id=\"2591\" data-permalink=\"https:\/\/wp.ufpel.edu.br\/ppgs\/2017\/06\/19\/chamada-revista-perspectivas-sociais-edicao-20172018\/imagem-1\/\" data-orig-file=\"https:\/\/i0.wp.com\/wp.ufpel.edu.br\/ppgs\/files\/2017\/06\/imagem-1.jpg?fit=960%2C720&amp;ssl=1\" data-orig-size=\"960,720\" data-comments-opened=\"0\" data-image-meta=\"{&quot;aperture&quot;:&quot;0&quot;,&quot;credit&quot;:&quot;&quot;,&quot;camera&quot;:&quot;&quot;,&quot;caption&quot;:&quot;&quot;,&quot;created_timestamp&quot;:&quot;0&quot;,&quot;copyright&quot;:&quot;&quot;,&quot;focal_length&quot;:&quot;0&quot;,&quot;iso&quot;:&quot;0&quot;,&quot;shutter_speed&quot;:&quot;0&quot;,&quot;title&quot;:&quot;&quot;,&quot;orientation&quot;:&quot;0&quot;}\" data-image-title=\"imagem 1\" data-image-description=\"\" data-image-caption=\"\" data-medium-file=\"https:\/\/i0.wp.com\/wp.ufpel.edu.br\/ppgs\/files\/2017\/06\/imagem-1.jpg?fit=400%2C300&amp;ssl=1\" data-large-file=\"https:\/\/i0.wp.com\/wp.ufpel.edu.br\/ppgs\/files\/2017\/06\/imagem-1.jpg?fit=960%2C220&amp;ssl=1\" class=\"size-full wp-image-2591 alignnone\" src=\"https:\/\/i0.wp.com\/wp.ufpel.edu.br\/ppgs\/files\/2017\/06\/imagem-1.jpg?resize=960%2C720&#038;ssl=1\" alt=\"\" width=\"960\" height=\"720\" srcset=\"https:\/\/i0.wp.com\/wp.ufpel.edu.br\/ppgs\/files\/2017\/06\/imagem-1.jpg?w=960&amp;ssl=1 960w, https:\/\/i0.wp.com\/wp.ufpel.edu.br\/ppgs\/files\/2017\/06\/imagem-1.jpg?resize=212%2C159&amp;ssl=1 212w, https:\/\/i0.wp.com\/wp.ufpel.edu.br\/ppgs\/files\/2017\/06\/imagem-1.jpg?resize=424%2C318&amp;ssl=1 424w, https:\/\/i0.wp.com\/wp.ufpel.edu.br\/ppgs\/files\/2017\/06\/imagem-1.jpg?resize=768%2C576&amp;ssl=1 768w\" sizes=\"(max-width: 960px) 100vw, 960px\" \/><\/a><\/p>\n","protected":false},"excerpt":{"rendered":"<p>A nossa Revista Perspectivas Sociais j\u00e1 abriu a chamada para contribu\u00e7\u00f5es no n\u00famero dedicado \u00e0 quest\u00e3o: As m\u00eddias e as suas interfaces sociol\u00f3gicas. Para mais informa\u00e7\u00f5es, clique AQUI! &nbsp;<\/p>\n","protected":false},"author":396,"featured_media":0,"comment_status":"closed","ping_status":"closed","sticky":false,"template":"","format":"standard","meta":{"jetpack_post_was_ever_published":false,"_jetpack_newsletter_access":"","_jetpack_dont_email_post_to_subs":false,"_jetpack_newsletter_tier_id":0,"_jetpack_memberships_contains_paywalled_content":false,"_jetpack_memberships_contains_paid_content":false,"footnotes":"","jetpack_publicize_message":"","jetpack_publicize_feature_enabled":true,"jetpack_social_post_already_shared":false,"jetpack_social_options":{"image_generator_settings":{"template":"highway","default_image_id":0,"font":"","enabled":false},"version":2}},"categories":[18],"tags":[],"class_list":["post-2587","post","type-post","status-publish","format-standard","hentry","category-sem-categoria"],"jetpack_publicize_connections":[],"jetpack_featured_media_url":"","jetpack_sharing_enabled":true,"jetpack_shortlink":"https:\/\/wp.me\/p9dZ0f-FJ","jetpack_likes_enabled":true,"jetpack-related-posts":[],"_links":{"self":[{"href":"https:\/\/wp.ufpel.edu.br\/ppgs\/wp-json\/wp\/v2\/posts\/2587","targetHints":{"allow":["GET"]}}],"collection":[{"href":"https:\/\/wp.ufpel.edu.br\/ppgs\/wp-json\/wp\/v2\/posts"}],"about":[{"href":"https:\/\/wp.ufpel.edu.br\/ppgs\/wp-json\/wp\/v2\/types\/post"}],"author":[{"embeddable":true,"href":"https:\/\/wp.ufpel.edu.br\/ppgs\/wp-json\/wp\/v2\/users\/396"}],"replies":[{"embeddable":true,"href":"https:\/\/wp.ufpel.edu.br\/ppgs\/wp-json\/wp\/v2\/comments?post=2587"}],"version-history":[{"count":2,"href":"https:\/\/wp.ufpel.edu.br\/ppgs\/wp-json\/wp\/v2\/posts\/2587\/revisions"}],"predecessor-version":[{"id":2593,"href":"https:\/\/wp.ufpel.edu.br\/ppgs\/wp-json\/wp\/v2\/posts\/2587\/revisions\/2593"}],"wp:attachment":[{"href":"https:\/\/wp.ufpel.edu.br\/ppgs\/wp-json\/wp\/v2\/media?parent=2587"}],"wp:term":[{"taxonomy":"category","embeddable":true,"href":"https:\/\/wp.ufpel.edu.br\/ppgs\/wp-json\/wp\/v2\/categories?post=2587"},{"taxonomy":"post_tag","embeddable":true,"href":"https:\/\/wp.ufpel.edu.br\/ppgs\/wp-json\/wp\/v2\/tags?post=2587"}],"curies":[{"name":"wp","href":"https:\/\/api.w.org\/{rel}","templated":true}]}}