{"id":2257,"date":"2017-03-04T13:03:16","date_gmt":"2017-03-04T16:03:16","guid":{"rendered":"https:\/\/wp.ufpel.edu.br\/ppgs\/?p=2257"},"modified":"2017-03-04T13:03:16","modified_gmt":"2017-03-04T16:03:16","slug":"esclarecimentos-calendario-de-atividades-e-disciplinas-2017","status":"publish","type":"post","link":"https:\/\/wp.ufpel.edu.br\/ppgs\/2017\/03\/04\/esclarecimentos-calendario-de-atividades-e-disciplinas-2017\/","title":{"rendered":"Esclarecimentos Calend\u00e1rio de Atividades e Disciplinas 2017"},"content":{"rendered":"<p>Informamos que o calend\u00e1rio de atividades do Mestrado em Sociologia tem in\u00edcio dia 08 de mar\u00e7o de 2017 (ap\u00f3s a efetiva\u00e7\u00e3o das matr\u00edculas), e as disciplinas come\u00e7am em 25 de abril de 2017.<\/p>\n<p>Lembrem-se da reuni\u00e3o de recep\u00e7\u00e3o que ser\u00e1 (apenas) em 24 de abril \u00e0s 14hs na sala 206 do IFISP.<\/p>\n<p>Desejamos um \u00f3timo in\u00edcio de atividades acad\u00eamicas, em especial a turma 2017.<\/p>\n","protected":false},"excerpt":{"rendered":"<p>Informamos que o calend\u00e1rio de atividades do Mestrado em Sociologia tem in\u00edcio dia 08 de mar\u00e7o de 2017 (ap\u00f3s a efetiva\u00e7\u00e3o das matr\u00edculas), e as disciplinas come\u00e7am em 25 de abril de 2017. Lembrem-se da reuni\u00e3o de recep\u00e7\u00e3o que ser\u00e1 (apenas) em 24 de abril \u00e0s 14hs na sala 206 do IFISP. Desejamos um \u00f3timo [&hellip;]<\/p>\n","protected":false},"author":396,"featured_media":0,"comment_status":"closed","ping_status":"closed","sticky":false,"template":"","format":"standard","meta":{"jetpack_post_was_ever_published":false,"_jetpack_newsletter_access":"","_jetpack_dont_email_post_to_subs":false,"_jetpack_newsletter_tier_id":0,"_jetpack_memberships_contains_paywalled_content":false,"_jetpack_memberships_contains_paid_content":false,"footnotes":"","jetpack_publicize_message":"","jetpack_publicize_feature_enabled":true,"jetpack_social_post_already_shared":false,"jetpack_social_options":{"image_generator_settings":{"template":"highway","default_image_id":0,"font":"","enabled":false},"version":2}},"categories":[18],"tags":[],"class_list":["post-2257","post","type-post","status-publish","format-standard","hentry","category-sem-categoria"],"jetpack_publicize_connections":[],"jetpack_featured_media_url":"","jetpack_sharing_enabled":true,"jetpack_shortlink":"https:\/\/wp.me\/p9dZ0f-Ap","jetpack_likes_enabled":true,"jetpack-related-posts":[],"_links":{"self":[{"href":"https:\/\/wp.ufpel.edu.br\/ppgs\/wp-json\/wp\/v2\/posts\/2257","targetHints":{"allow":["GET"]}}],"collection":[{"href":"https:\/\/wp.ufpel.edu.br\/ppgs\/wp-json\/wp\/v2\/posts"}],"about":[{"href":"https:\/\/wp.ufpel.edu.br\/ppgs\/wp-json\/wp\/v2\/types\/post"}],"author":[{"embeddable":true,"href":"https:\/\/wp.ufpel.edu.br\/ppgs\/wp-json\/wp\/v2\/users\/396"}],"replies":[{"embeddable":true,"href":"https:\/\/wp.ufpel.edu.br\/ppgs\/wp-json\/wp\/v2\/comments?post=2257"}],"version-history":[{"count":1,"href":"https:\/\/wp.ufpel.edu.br\/ppgs\/wp-json\/wp\/v2\/posts\/2257\/revisions"}],"predecessor-version":[{"id":2259,"href":"https:\/\/wp.ufpel.edu.br\/ppgs\/wp-json\/wp\/v2\/posts\/2257\/revisions\/2259"}],"wp:attachment":[{"href":"https:\/\/wp.ufpel.edu.br\/ppgs\/wp-json\/wp\/v2\/media?parent=2257"}],"wp:term":[{"taxonomy":"category","embeddable":true,"href":"https:\/\/wp.ufpel.edu.br\/ppgs\/wp-json\/wp\/v2\/categories?post=2257"},{"taxonomy":"post_tag","embeddable":true,"href":"https:\/\/wp.ufpel.edu.br\/ppgs\/wp-json\/wp\/v2\/tags?post=2257"}],"curies":[{"name":"wp","href":"https:\/\/api.w.org\/{rel}","templated":true}]}}