{"id":2224,"date":"2017-02-13T10:08:15","date_gmt":"2017-02-13T12:08:15","guid":{"rendered":"https:\/\/wp.ufpel.edu.br\/ppgs\/?p=2224"},"modified":"2017-02-20T10:40:06","modified_gmt":"2017-02-20T13:40:06","slug":"o-professor-attila-barbosa-ministrou-palestra","status":"publish","type":"post","link":"https:\/\/wp.ufpel.edu.br\/ppgs\/2017\/02\/13\/o-professor-attila-barbosa-ministrou-palestra\/","title":{"rendered":"O professor Attila Barbosa ministrou palestra na Universidade de Coimbra"},"content":{"rendered":"<p>O professor Attila Barbosa ministrou palestra &#8220;TERCEIRIZA\u00c7\u00c3O DO TRABALHO: um objeto de luta pol\u00edtico-cognitiva no campo jur\u00eddico brasileiro&#8221;, em 10\/02, na Faculdade de Economia &#8211; Universidade de Coimbra (FEUC), Portugal, como parte de suas atividades do p\u00f3s-doutorado na Universidade de Bolonha (It\u00e1lia).<\/p>\n<p>Essa atividade foi organizada pelo Prof. Dr. El\u00edsio Estanque, da Universidade de Coimbra, que integra o corpo docente do nosso PPGS, na condi\u00e7\u00e3o de Professor Visitante. A atividade \u00e9 parte da colabora\u00e7\u00e3o entre o PPGS\/UFPel e o Programa de Doutoramento em Sociologia: Rela\u00e7\u00f5es de Trabalho, Desigualdades Sociais e Sindicalismo da Faculdade de Economia da Universidade de Coimbra.<\/p>\n<p>Mais informa\u00e7\u00f5es, <a href=\"https:\/\/www.uc.pt\/feuc\/noticias\/2017\/fevereiro2017\/20170206-2\">aqui<\/a>, no site da FEUC.<\/p>\n\n\t\t<style type=\"text\/css\">\n\t\t\t#gallery-1 {\n\t\t\t\tmargin: auto;\n\t\t\t}\n\t\t\t#gallery-1 .gallery-item {\n\t\t\t\tfloat: left;\n\t\t\t\tmargin-top: 10px;\n\t\t\t\ttext-align: center;\n\t\t\t\twidth: 50%;\n\t\t\t}\n\t\t\t#gallery-1 img {\n\t\t\t\tborder: 2px solid #cfcfcf;\n\t\t\t}\n\t\t\t#gallery-1 .gallery-caption {\n\t\t\t\tmargin-left: 0;\n\t\t\t}\n\t\t\t\/* see gallery_shortcode() in wp-includes\/media.php *\/\n\t\t<\/style>\n\t\t<div data-carousel-extra='{&quot;blog_id&quot;:398,&quot;permalink&quot;:&quot;https:\/\/wp.ufpel.edu.br\/ppgs\/2017\/02\/13\/o-professor-attila-barbosa-ministrou-palestra\/&quot;}' id='gallery-1' class='gallery galleryid-2224 gallery-columns-2 gallery-size-medium'><dl class='gallery-item'>\n\t\t\t<dt class='gallery-icon landscape'>\n\t\t\t\t<a href='https:\/\/wp.ufpel.edu.br\/ppgs\/img-20170212-wa0007\/'><img width=\"400\" height=\"225\" src=\"https:\/\/i0.wp.com\/wp.ufpel.edu.br\/ppgs\/files\/2017\/02\/IMG-20170212-WA0007.jpg?fit=400%2C225&amp;ssl=1\" class=\"attachment-medium size-medium\" alt=\"\" srcset=\"https:\/\/i0.wp.com\/wp.ufpel.edu.br\/ppgs\/files\/2017\/02\/IMG-20170212-WA0007.jpg?w=1600&amp;ssl=1 1600w, https:\/\/i0.wp.com\/wp.ufpel.edu.br\/ppgs\/files\/2017\/02\/IMG-20170212-WA0007.jpg?resize=212%2C119&amp;ssl=1 212w, https:\/\/i0.wp.com\/wp.ufpel.edu.br\/ppgs\/files\/2017\/02\/IMG-20170212-WA0007.jpg?resize=424%2C239&amp;ssl=1 424w, https:\/\/i0.wp.com\/wp.ufpel.edu.br\/ppgs\/files\/2017\/02\/IMG-20170212-WA0007.jpg?resize=768%2C432&amp;ssl=1 768w\" sizes=\"(max-width: 400px) 100vw, 400px\" data-attachment-id=\"2233\" data-permalink=\"https:\/\/wp.ufpel.edu.br\/ppgs\/img-20170212-wa0007\/\" data-orig-file=\"https:\/\/i0.wp.com\/wp.ufpel.edu.br\/ppgs\/files\/2017\/02\/IMG-20170212-WA0007.jpg?fit=1600%2C901&amp;ssl=1\" data-orig-size=\"1600,901\" data-comments-opened=\"0\" data-image-meta=\"{&quot;aperture&quot;:&quot;0&quot;,&quot;credit&quot;:&quot;&quot;,&quot;camera&quot;:&quot;&quot;,&quot;caption&quot;:&quot;&quot;,&quot;created_timestamp&quot;:&quot;0&quot;,&quot;copyright&quot;:&quot;&quot;,&quot;focal_length&quot;:&quot;0&quot;,&quot;iso&quot;:&quot;0&quot;,&quot;shutter_speed&quot;:&quot;0&quot;,&quot;title&quot;:&quot;&quot;,&quot;orientation&quot;:&quot;0&quot;}\" data-image-title=\"IMG-20170212-WA0007\" data-image-description=\"\" data-image-caption=\"\" data-medium-file=\"https:\/\/i0.wp.com\/wp.ufpel.edu.br\/ppgs\/files\/2017\/02\/IMG-20170212-WA0007.jpg?fit=400%2C225&amp;ssl=1\" data-large-file=\"https:\/\/i0.wp.com\/wp.ufpel.edu.br\/ppgs\/files\/2017\/02\/IMG-20170212-WA0007.jpg?fit=984%2C220&amp;ssl=1\" \/><\/a>\n\t\t\t<\/dt><\/dl><dl class='gallery-item'>\n\t\t\t<dt class='gallery-icon landscape'>\n\t\t\t\t<a href='https:\/\/wp.ufpel.edu.br\/ppgs\/img-20170212-wa0008\/'><img width=\"400\" height=\"225\" src=\"https:\/\/i0.wp.com\/wp.ufpel.edu.br\/ppgs\/files\/2017\/02\/IMG-20170212-WA0008.jpg?fit=400%2C225&amp;ssl=1\" class=\"attachment-medium size-medium\" alt=\"\" srcset=\"https:\/\/i0.wp.com\/wp.ufpel.edu.br\/ppgs\/files\/2017\/02\/IMG-20170212-WA0008.jpg?w=1600&amp;ssl=1 1600w, https:\/\/i0.wp.com\/wp.ufpel.edu.br\/ppgs\/files\/2017\/02\/IMG-20170212-WA0008.jpg?resize=212%2C119&amp;ssl=1 212w, https:\/\/i0.wp.com\/wp.ufpel.edu.br\/ppgs\/files\/2017\/02\/IMG-20170212-WA0008.jpg?resize=424%2C239&amp;ssl=1 424w, https:\/\/i0.wp.com\/wp.ufpel.edu.br\/ppgs\/files\/2017\/02\/IMG-20170212-WA0008.jpg?resize=768%2C432&amp;ssl=1 768w\" sizes=\"(max-width: 400px) 100vw, 400px\" data-attachment-id=\"2232\" data-permalink=\"https:\/\/wp.ufpel.edu.br\/ppgs\/img-20170212-wa0008\/\" data-orig-file=\"https:\/\/i0.wp.com\/wp.ufpel.edu.br\/ppgs\/files\/2017\/02\/IMG-20170212-WA0008.jpg?fit=1600%2C901&amp;ssl=1\" data-orig-size=\"1600,901\" data-comments-opened=\"0\" data-image-meta=\"{&quot;aperture&quot;:&quot;0&quot;,&quot;credit&quot;:&quot;&quot;,&quot;camera&quot;:&quot;&quot;,&quot;caption&quot;:&quot;&quot;,&quot;created_timestamp&quot;:&quot;0&quot;,&quot;copyright&quot;:&quot;&quot;,&quot;focal_length&quot;:&quot;0&quot;,&quot;iso&quot;:&quot;0&quot;,&quot;shutter_speed&quot;:&quot;0&quot;,&quot;title&quot;:&quot;&quot;,&quot;orientation&quot;:&quot;0&quot;}\" data-image-title=\"IMG-20170212-WA0008\" data-image-description=\"\" data-image-caption=\"\" data-medium-file=\"https:\/\/i0.wp.com\/wp.ufpel.edu.br\/ppgs\/files\/2017\/02\/IMG-20170212-WA0008.jpg?fit=400%2C225&amp;ssl=1\" data-large-file=\"https:\/\/i0.wp.com\/wp.ufpel.edu.br\/ppgs\/files\/2017\/02\/IMG-20170212-WA0008.jpg?fit=984%2C220&amp;ssl=1\" \/><\/a>\n\t\t\t<\/dt><\/dl><br style=\"clear: both\" \/>\n\t\t<\/div>\n\n","protected":false},"excerpt":{"rendered":"<p>O professor Attila Barbosa ministrou palestra &#8220;TERCEIRIZA\u00c7\u00c3O DO TRABALHO: um objeto de luta pol\u00edtico-cognitiva no campo jur\u00eddico brasileiro&#8221;, em 10\/02, na Faculdade de Economia &#8211; Universidade de Coimbra (FEUC), Portugal, como parte de suas atividades do p\u00f3s-doutorado na Universidade de Bolonha (It\u00e1lia). Essa atividade foi organizada pelo Prof. Dr. El\u00edsio Estanque, da Universidade de Coimbra, [&hellip;]<\/p>\n","protected":false},"author":396,"featured_media":0,"comment_status":"closed","ping_status":"closed","sticky":false,"template":"","format":"standard","meta":{"jetpack_post_was_ever_published":false,"_jetpack_newsletter_access":"","_jetpack_dont_email_post_to_subs":false,"_jetpack_newsletter_tier_id":0,"_jetpack_memberships_contains_paywalled_content":false,"_jetpack_memberships_contains_paid_content":false,"footnotes":"","jetpack_publicize_message":"","jetpack_publicize_feature_enabled":true,"jetpack_social_post_already_shared":false,"jetpack_social_options":{"image_generator_settings":{"template":"highway","default_image_id":0,"font":"","enabled":false},"version":2}},"categories":[18],"tags":[],"class_list":["post-2224","post","type-post","status-publish","format-standard","hentry","category-sem-categoria"],"jetpack_publicize_connections":[],"jetpack_featured_media_url":"","jetpack_sharing_enabled":true,"jetpack_shortlink":"https:\/\/wp.me\/p9dZ0f-zS","jetpack_likes_enabled":true,"jetpack-related-posts":[],"_links":{"self":[{"href":"https:\/\/wp.ufpel.edu.br\/ppgs\/wp-json\/wp\/v2\/posts\/2224","targetHints":{"allow":["GET"]}}],"collection":[{"href":"https:\/\/wp.ufpel.edu.br\/ppgs\/wp-json\/wp\/v2\/posts"}],"about":[{"href":"https:\/\/wp.ufpel.edu.br\/ppgs\/wp-json\/wp\/v2\/types\/post"}],"author":[{"embeddable":true,"href":"https:\/\/wp.ufpel.edu.br\/ppgs\/wp-json\/wp\/v2\/users\/396"}],"replies":[{"embeddable":true,"href":"https:\/\/wp.ufpel.edu.br\/ppgs\/wp-json\/wp\/v2\/comments?post=2224"}],"version-history":[{"count":7,"href":"https:\/\/wp.ufpel.edu.br\/ppgs\/wp-json\/wp\/v2\/posts\/2224\/revisions"}],"predecessor-version":[{"id":2249,"href":"https:\/\/wp.ufpel.edu.br\/ppgs\/wp-json\/wp\/v2\/posts\/2224\/revisions\/2249"}],"wp:attachment":[{"href":"https:\/\/wp.ufpel.edu.br\/ppgs\/wp-json\/wp\/v2\/media?parent=2224"}],"wp:term":[{"taxonomy":"category","embeddable":true,"href":"https:\/\/wp.ufpel.edu.br\/ppgs\/wp-json\/wp\/v2\/categories?post=2224"},{"taxonomy":"post_tag","embeddable":true,"href":"https:\/\/wp.ufpel.edu.br\/ppgs\/wp-json\/wp\/v2\/tags?post=2224"}],"curies":[{"name":"wp","href":"https:\/\/api.w.org\/{rel}","templated":true}]}}