{"id":1904,"date":"2016-11-02T22:15:59","date_gmt":"2016-11-03T00:15:59","guid":{"rendered":"https:\/\/wp.ufpel.edu.br\/ppgs\/?p=1904"},"modified":"2016-11-02T22:15:59","modified_gmt":"2016-11-03T00:15:59","slug":"apresentacao-publica-dos-candidatos-a-coordenador-e-coordenador-adjunto-do-ppgs","status":"publish","type":"post","link":"https:\/\/wp.ufpel.edu.br\/ppgs\/2016\/11\/02\/apresentacao-publica-dos-candidatos-a-coordenador-e-coordenador-adjunto-do-ppgs\/","title":{"rendered":"Apresenta\u00e7\u00e3o p\u00fablica dos candidatos a Coordenador e Coordenador-Adjunto do PPGS"},"content":{"rendered":"<p>De acordo com o edital de Elei\u00e7\u00f5es para Coordenador e Coordenador-Adjunto do Programa de P\u00f3s-gradua\u00e7\u00e3o em Sociologia da Universidade Federal de Pelotas amanh\u00e3, dia 03 novembro de 2016, haver\u00e1 apresenta\u00e7\u00e3o dos candidatos e propostas para gest\u00e3o 2016-2018, a qual ocorrer\u00e1 na Sala 202 do Instituto de Filosofia, Sociologia e Pol\u00edtica (IFISP), a partir das 16hs.<\/p>\n<p>Apresentaram-se como candidatos as elei\u00e7\u00f5es para Coordenador e Coordenador Adjunto do Programa de P\u00f3s-Gradua\u00e7\u00e3o em Sociologia UFPel, conforme:<br \/>\nElaine da Silveira Leite candidata-se a Coordenadora;<\/p>\n<p>Marcus Vinicius Spolle candidata-se a Coordenador Adjunto.<\/p>\n<p>&nbsp;<\/p>\n<p>Contamos com a presen\u00e7a de todos.<\/p>\n<p>Lembrem-se, a vota\u00e7\u00e3o acontecer\u00e1 no dia <strong>04 de novembro de 2016, das 14 \u00e0s 17 horas<\/strong>, no IFISP, Secretaria do Mestrado em Sociologia.<\/p>\n","protected":false},"excerpt":{"rendered":"<p>De acordo com o edital de Elei\u00e7\u00f5es para Coordenador e Coordenador-Adjunto do Programa de P\u00f3s-gradua\u00e7\u00e3o em Sociologia da Universidade Federal de Pelotas amanh\u00e3, dia 03 novembro de 2016, haver\u00e1 apresenta\u00e7\u00e3o dos candidatos e propostas para gest\u00e3o 2016-2018, a qual ocorrer\u00e1 na Sala 202 do Instituto de Filosofia, Sociologia e Pol\u00edtica (IFISP), a partir das 16hs. [&hellip;]<\/p>\n","protected":false},"author":396,"featured_media":0,"comment_status":"closed","ping_status":"closed","sticky":false,"template":"","format":"standard","meta":{"jetpack_post_was_ever_published":false,"_jetpack_newsletter_access":"","_jetpack_dont_email_post_to_subs":false,"_jetpack_newsletter_tier_id":0,"_jetpack_memberships_contains_paywalled_content":false,"_jetpack_memberships_contains_paid_content":false,"footnotes":"","jetpack_publicize_message":"","jetpack_publicize_feature_enabled":true,"jetpack_social_post_already_shared":false,"jetpack_social_options":{"image_generator_settings":{"template":"highway","default_image_id":0,"font":"","enabled":false},"version":2}},"categories":[18],"tags":[],"class_list":["post-1904","post","type-post","status-publish","format-standard","hentry","category-sem-categoria"],"jetpack_publicize_connections":[],"jetpack_featured_media_url":"","jetpack_sharing_enabled":true,"jetpack_shortlink":"https:\/\/wp.me\/p9dZ0f-uI","jetpack_likes_enabled":true,"jetpack-related-posts":[],"_links":{"self":[{"href":"https:\/\/wp.ufpel.edu.br\/ppgs\/wp-json\/wp\/v2\/posts\/1904","targetHints":{"allow":["GET"]}}],"collection":[{"href":"https:\/\/wp.ufpel.edu.br\/ppgs\/wp-json\/wp\/v2\/posts"}],"about":[{"href":"https:\/\/wp.ufpel.edu.br\/ppgs\/wp-json\/wp\/v2\/types\/post"}],"author":[{"embeddable":true,"href":"https:\/\/wp.ufpel.edu.br\/ppgs\/wp-json\/wp\/v2\/users\/396"}],"replies":[{"embeddable":true,"href":"https:\/\/wp.ufpel.edu.br\/ppgs\/wp-json\/wp\/v2\/comments?post=1904"}],"version-history":[{"count":1,"href":"https:\/\/wp.ufpel.edu.br\/ppgs\/wp-json\/wp\/v2\/posts\/1904\/revisions"}],"predecessor-version":[{"id":1906,"href":"https:\/\/wp.ufpel.edu.br\/ppgs\/wp-json\/wp\/v2\/posts\/1904\/revisions\/1906"}],"wp:attachment":[{"href":"https:\/\/wp.ufpel.edu.br\/ppgs\/wp-json\/wp\/v2\/media?parent=1904"}],"wp:term":[{"taxonomy":"category","embeddable":true,"href":"https:\/\/wp.ufpel.edu.br\/ppgs\/wp-json\/wp\/v2\/categories?post=1904"},{"taxonomy":"post_tag","embeddable":true,"href":"https:\/\/wp.ufpel.edu.br\/ppgs\/wp-json\/wp\/v2\/tags?post=1904"}],"curies":[{"name":"wp","href":"https:\/\/api.w.org\/{rel}","templated":true}]}}