{"id":1888,"date":"2016-10-25T10:33:27","date_gmt":"2016-10-25T12:33:27","guid":{"rendered":"https:\/\/wp.ufpel.edu.br\/ppgs\/?p=1888"},"modified":"2026-04-20T13:31:40","modified_gmt":"2026-04-20T16:31:40","slug":"docentes-e-discentes-do-ppgs-participam-do-40-encontro-anual-da-anpocs","status":"publish","type":"post","link":"https:\/\/wp.ufpel.edu.br\/ppgs\/2016\/10\/25\/docentes-e-discentes-do-ppgs-participam-do-40-encontro-anual-da-anpocs\/","title":{"rendered":"Docentes e discentes do PPGS participam do 40\u00b0 Encontro Anual da ANPOCS"},"content":{"rendered":"<p>Nesse ano os professores Maria Thereza Ribeiro e Pedro Robertt participam do 40\u00b0 Encontro Anual da ANPOCS , que acontece de 24 a 28 de outubro de 2016. Al\u00e9m deles, os discentes Berenice Salvador, Dianine Censon e Tanise Brincker tamb\u00e9m participam do evento, bem como os ex-discentes Ram\u00e3o Correa e Rubens Vellinho.<\/p>\n<p>Na ocasi\u00e3o, os professores lan\u00e7aram os livros Dimens\u00e3o Hist\u00f3rica Da Sociologia: Dilemas e Complexidade e Metodologia em Ci\u00eancias Sociais Hoje (volumes 1 e 2).<\/p>\n\n\t\t<style type=\"text\/css\">\n\t\t\t#gallery-1 {\n\t\t\t\tmargin: auto;\n\t\t\t}\n\t\t\t#gallery-1 .gallery-item {\n\t\t\t\tfloat: left;\n\t\t\t\tmargin-top: 10px;\n\t\t\t\ttext-align: center;\n\t\t\t\twidth: 50%;\n\t\t\t}\n\t\t\t#gallery-1 img {\n\t\t\t\tborder: 2px solid #cfcfcf;\n\t\t\t}\n\t\t\t#gallery-1 .gallery-caption {\n\t\t\t\tmargin-left: 0;\n\t\t\t}\n\t\t\t\/* see gallery_shortcode() in wp-includes\/media.php *\/\n\t\t<\/style>\n\t\t<div data-carousel-extra='{&quot;blog_id&quot;:398,&quot;permalink&quot;:&quot;https:\/\/wp.ufpel.edu.br\/ppgs\/2016\/10\/25\/docentes-e-discentes-do-ppgs-participam-do-40-encontro-anual-da-anpocs\/&quot;}' id='gallery-1' class='gallery galleryid-1888 gallery-columns-2 gallery-size-full'><dl class='gallery-item'>\n\t\t\t<dt class='gallery-icon portrait'>\n\t\t\t\t<a href='https:\/\/wp.ufpel.edu.br\/ppgs\/2016\/10\/25\/docentes-e-discentes-do-ppgs-participam-do-40-encontro-anual-da-anpocs\/14813316_1189652064434457_151755649_o\/'><img width=\"960\" height=\"1280\" src=\"https:\/\/i0.wp.com\/wp.ufpel.edu.br\/ppgs\/files\/2016\/10\/14813316_1189652064434457_151755649_o.jpg?fit=960%2C1280&amp;ssl=1\" class=\"attachment-full size-full\" alt=\"\" srcset=\"https:\/\/i0.wp.com\/wp.ufpel.edu.br\/ppgs\/files\/2016\/10\/14813316_1189652064434457_151755649_o.jpg?w=960&amp;ssl=1 960w, https:\/\/i0.wp.com\/wp.ufpel.edu.br\/ppgs\/files\/2016\/10\/14813316_1189652064434457_151755649_o.jpg?resize=119%2C159&amp;ssl=1 119w, https:\/\/i0.wp.com\/wp.ufpel.edu.br\/ppgs\/files\/2016\/10\/14813316_1189652064434457_151755649_o.jpg?resize=239%2C318&amp;ssl=1 239w, https:\/\/i0.wp.com\/wp.ufpel.edu.br\/ppgs\/files\/2016\/10\/14813316_1189652064434457_151755649_o.jpg?resize=768%2C1024&amp;ssl=1 768w\" sizes=\"(max-width: 960px) 100vw, 960px\" data-attachment-id=\"1890\" data-permalink=\"https:\/\/wp.ufpel.edu.br\/ppgs\/2016\/10\/25\/docentes-e-discentes-do-ppgs-participam-do-40-encontro-anual-da-anpocs\/14813316_1189652064434457_151755649_o\/\" data-orig-file=\"https:\/\/i0.wp.com\/wp.ufpel.edu.br\/ppgs\/files\/2016\/10\/14813316_1189652064434457_151755649_o.jpg?fit=960%2C1280&amp;ssl=1\" data-orig-size=\"960,1280\" data-comments-opened=\"0\" data-image-meta=\"{&quot;aperture&quot;:&quot;0&quot;,&quot;credit&quot;:&quot;&quot;,&quot;camera&quot;:&quot;&quot;,&quot;caption&quot;:&quot;&quot;,&quot;created_timestamp&quot;:&quot;0&quot;,&quot;copyright&quot;:&quot;&quot;,&quot;focal_length&quot;:&quot;0&quot;,&quot;iso&quot;:&quot;0&quot;,&quot;shutter_speed&quot;:&quot;0&quot;,&quot;title&quot;:&quot;&quot;,&quot;orientation&quot;:&quot;0&quot;}\" data-image-title=\"14813316_1189652064434457_151755649_o\" data-image-description=\"\" data-image-caption=\"\" data-medium-file=\"https:\/\/i0.wp.com\/wp.ufpel.edu.br\/ppgs\/files\/2016\/10\/14813316_1189652064434457_151755649_o.jpg?fit=239%2C318&amp;ssl=1\" data-large-file=\"https:\/\/i0.wp.com\/wp.ufpel.edu.br\/ppgs\/files\/2016\/10\/14813316_1189652064434457_151755649_o.jpg?fit=960%2C220&amp;ssl=1\" \/><\/a>\n\t\t\t<\/dt><\/dl><dl class='gallery-item'>\n\t\t\t<dt class='gallery-icon portrait'>\n\t\t\t\t<a href='https:\/\/wp.ufpel.edu.br\/ppgs\/2016\/10\/25\/docentes-e-discentes-do-ppgs-participam-do-40-encontro-anual-da-anpocs\/14859301_1189652201101110_1104484018_o\/'><img width=\"960\" height=\"1280\" src=\"https:\/\/i0.wp.com\/wp.ufpel.edu.br\/ppgs\/files\/2016\/10\/14859301_1189652201101110_1104484018_o.jpg?fit=960%2C1280&amp;ssl=1\" class=\"attachment-full size-full\" alt=\"\" srcset=\"https:\/\/i0.wp.com\/wp.ufpel.edu.br\/ppgs\/files\/2016\/10\/14859301_1189652201101110_1104484018_o.jpg?w=960&amp;ssl=1 960w, https:\/\/i0.wp.com\/wp.ufpel.edu.br\/ppgs\/files\/2016\/10\/14859301_1189652201101110_1104484018_o.jpg?resize=119%2C159&amp;ssl=1 119w, https:\/\/i0.wp.com\/wp.ufpel.edu.br\/ppgs\/files\/2016\/10\/14859301_1189652201101110_1104484018_o.jpg?resize=239%2C318&amp;ssl=1 239w, https:\/\/i0.wp.com\/wp.ufpel.edu.br\/ppgs\/files\/2016\/10\/14859301_1189652201101110_1104484018_o.jpg?resize=768%2C1024&amp;ssl=1 768w\" sizes=\"(max-width: 960px) 100vw, 960px\" data-attachment-id=\"1891\" data-permalink=\"https:\/\/wp.ufpel.edu.br\/ppgs\/2016\/10\/25\/docentes-e-discentes-do-ppgs-participam-do-40-encontro-anual-da-anpocs\/14859301_1189652201101110_1104484018_o\/\" data-orig-file=\"https:\/\/i0.wp.com\/wp.ufpel.edu.br\/ppgs\/files\/2016\/10\/14859301_1189652201101110_1104484018_o.jpg?fit=960%2C1280&amp;ssl=1\" data-orig-size=\"960,1280\" data-comments-opened=\"0\" data-image-meta=\"{&quot;aperture&quot;:&quot;0&quot;,&quot;credit&quot;:&quot;&quot;,&quot;camera&quot;:&quot;&quot;,&quot;caption&quot;:&quot;&quot;,&quot;created_timestamp&quot;:&quot;0&quot;,&quot;copyright&quot;:&quot;&quot;,&quot;focal_length&quot;:&quot;0&quot;,&quot;iso&quot;:&quot;0&quot;,&quot;shutter_speed&quot;:&quot;0&quot;,&quot;title&quot;:&quot;&quot;,&quot;orientation&quot;:&quot;0&quot;}\" data-image-title=\"14859301_1189652201101110_1104484018_o\" data-image-description=\"\" data-image-caption=\"\" data-medium-file=\"https:\/\/i0.wp.com\/wp.ufpel.edu.br\/ppgs\/files\/2016\/10\/14859301_1189652201101110_1104484018_o.jpg?fit=239%2C318&amp;ssl=1\" data-large-file=\"https:\/\/i0.wp.com\/wp.ufpel.edu.br\/ppgs\/files\/2016\/10\/14859301_1189652201101110_1104484018_o.jpg?fit=960%2C220&amp;ssl=1\" \/><\/a>\n\t\t\t<\/dt><\/dl><br style=\"clear: both\" \/>\n\t\t<\/div>\n\n<p>&nbsp;<\/p>\n","protected":false},"excerpt":{"rendered":"<p>Nesse ano os professores Maria Thereza Ribeiro e Pedro Robertt participam do 40\u00b0 Encontro Anual da ANPOCS , que acontece de 24 a 28 de outubro de 2016. Al\u00e9m deles, os discentes Berenice Salvador, Dianine Censon e Tanise Brincker tamb\u00e9m participam do evento, bem como os ex-discentes Ram\u00e3o Correa e Rubens Vellinho. Na ocasi\u00e3o, os [&hellip;]<\/p>\n","protected":false},"author":396,"featured_media":0,"comment_status":"closed","ping_status":"closed","sticky":false,"template":"","format":"standard","meta":{"jetpack_post_was_ever_published":false,"_jetpack_newsletter_access":"","_jetpack_dont_email_post_to_subs":false,"_jetpack_newsletter_tier_id":0,"_jetpack_memberships_contains_paywalled_content":false,"_jetpack_memberships_contains_paid_content":false,"footnotes":"","jetpack_publicize_message":"","jetpack_publicize_feature_enabled":true,"jetpack_social_post_already_shared":false,"jetpack_social_options":{"image_generator_settings":{"template":"highway","default_image_id":0,"font":"","enabled":false},"version":2}},"categories":[73191],"tags":[],"class_list":["post-1888","post","type-post","status-publish","format-standard","hentry","category-noticias"],"jetpack_publicize_connections":[],"jetpack_featured_media_url":"","jetpack_sharing_enabled":true,"jetpack_shortlink":"https:\/\/wp.me\/p9dZ0f-us","jetpack_likes_enabled":true,"jetpack-related-posts":[],"_links":{"self":[{"href":"https:\/\/wp.ufpel.edu.br\/ppgs\/wp-json\/wp\/v2\/posts\/1888","targetHints":{"allow":["GET"]}}],"collection":[{"href":"https:\/\/wp.ufpel.edu.br\/ppgs\/wp-json\/wp\/v2\/posts"}],"about":[{"href":"https:\/\/wp.ufpel.edu.br\/ppgs\/wp-json\/wp\/v2\/types\/post"}],"author":[{"embeddable":true,"href":"https:\/\/wp.ufpel.edu.br\/ppgs\/wp-json\/wp\/v2\/users\/396"}],"replies":[{"embeddable":true,"href":"https:\/\/wp.ufpel.edu.br\/ppgs\/wp-json\/wp\/v2\/comments?post=1888"}],"version-history":[{"count":3,"href":"https:\/\/wp.ufpel.edu.br\/ppgs\/wp-json\/wp\/v2\/posts\/1888\/revisions"}],"predecessor-version":[{"id":1895,"href":"https:\/\/wp.ufpel.edu.br\/ppgs\/wp-json\/wp\/v2\/posts\/1888\/revisions\/1895"}],"wp:attachment":[{"href":"https:\/\/wp.ufpel.edu.br\/ppgs\/wp-json\/wp\/v2\/media?parent=1888"}],"wp:term":[{"taxonomy":"category","embeddable":true,"href":"https:\/\/wp.ufpel.edu.br\/ppgs\/wp-json\/wp\/v2\/categories?post=1888"},{"taxonomy":"post_tag","embeddable":true,"href":"https:\/\/wp.ufpel.edu.br\/ppgs\/wp-json\/wp\/v2\/tags?post=1888"}],"curies":[{"name":"wp","href":"https:\/\/api.w.org\/{rel}","templated":true}]}}