{"id":1884,"date":"2016-10-23T17:01:50","date_gmt":"2016-10-23T19:01:50","guid":{"rendered":"https:\/\/wp.ufpel.edu.br\/ppgs\/?p=1884"},"modified":"2016-10-23T17:01:50","modified_gmt":"2016-10-23T19:01:50","slug":"edital-de-inscricao-para-os-cargos-de-coordenador-e-coordenador-adjunto-do-mestrado-em-sociologia-ppgsufpel","status":"publish","type":"post","link":"https:\/\/wp.ufpel.edu.br\/ppgs\/2016\/10\/23\/edital-de-inscricao-para-os-cargos-de-coordenador-e-coordenador-adjunto-do-mestrado-em-sociologia-ppgsufpel\/","title":{"rendered":"Edital de inscri\u00e7\u00e3o para os cargos de Coordenador e Coordenador Adjunto do mestrado em Sociologia &#8211; PPGS\/UFPel"},"content":{"rendered":"<p>A Comiss\u00e3o Eleitoral do Programa de P\u00f3s-Gradua\u00e7\u00e3o em Sociologia da Universidade Federal de Pelotas, torna p\u00fablico o edital de inscri\u00e7\u00e3o para os cargos de Coordenador e Coordenador Adjunto do mestrado em Sociologia &#8211; PPGS da Universidade Federal de Pelotas.<\/p>\n<p><a href=\"https:\/\/wp.ufpel.edu.br\/ppgs\/files\/2016\/10\/Edital-consulta-coordena\u00e7\u00e3o-2016.pdf\">Edital Consulta Coordena\u00e7\u00e3o 2016<\/a><\/p>\n","protected":false},"excerpt":{"rendered":"<p>A Comiss\u00e3o Eleitoral do Programa de P\u00f3s-Gradua\u00e7\u00e3o em Sociologia da Universidade Federal de Pelotas, torna p\u00fablico o edital de inscri\u00e7\u00e3o para os cargos de Coordenador e Coordenador Adjunto do mestrado em Sociologia &#8211; PPGS da Universidade Federal de Pelotas. Edital Consulta Coordena\u00e7\u00e3o 2016<\/p>\n","protected":false},"author":396,"featured_media":0,"comment_status":"closed","ping_status":"closed","sticky":false,"template":"","format":"standard","meta":{"jetpack_post_was_ever_published":false,"_jetpack_newsletter_access":"","_jetpack_dont_email_post_to_subs":false,"_jetpack_newsletter_tier_id":0,"_jetpack_memberships_contains_paywalled_content":false,"_jetpack_memberships_contains_paid_content":false,"footnotes":"","jetpack_publicize_message":"","jetpack_publicize_feature_enabled":true,"jetpack_social_post_already_shared":false,"jetpack_social_options":{"image_generator_settings":{"template":"highway","default_image_id":0,"font":"","enabled":false},"version":2}},"categories":[18],"tags":[],"class_list":["post-1884","post","type-post","status-publish","format-standard","hentry","category-sem-categoria"],"jetpack_publicize_connections":[],"jetpack_featured_media_url":"","jetpack_sharing_enabled":true,"jetpack_shortlink":"https:\/\/wp.me\/p9dZ0f-uo","jetpack_likes_enabled":true,"jetpack-related-posts":[],"_links":{"self":[{"href":"https:\/\/wp.ufpel.edu.br\/ppgs\/wp-json\/wp\/v2\/posts\/1884","targetHints":{"allow":["GET"]}}],"collection":[{"href":"https:\/\/wp.ufpel.edu.br\/ppgs\/wp-json\/wp\/v2\/posts"}],"about":[{"href":"https:\/\/wp.ufpel.edu.br\/ppgs\/wp-json\/wp\/v2\/types\/post"}],"author":[{"embeddable":true,"href":"https:\/\/wp.ufpel.edu.br\/ppgs\/wp-json\/wp\/v2\/users\/396"}],"replies":[{"embeddable":true,"href":"https:\/\/wp.ufpel.edu.br\/ppgs\/wp-json\/wp\/v2\/comments?post=1884"}],"version-history":[{"count":1,"href":"https:\/\/wp.ufpel.edu.br\/ppgs\/wp-json\/wp\/v2\/posts\/1884\/revisions"}],"predecessor-version":[{"id":1887,"href":"https:\/\/wp.ufpel.edu.br\/ppgs\/wp-json\/wp\/v2\/posts\/1884\/revisions\/1887"}],"wp:attachment":[{"href":"https:\/\/wp.ufpel.edu.br\/ppgs\/wp-json\/wp\/v2\/media?parent=1884"}],"wp:term":[{"taxonomy":"category","embeddable":true,"href":"https:\/\/wp.ufpel.edu.br\/ppgs\/wp-json\/wp\/v2\/categories?post=1884"},{"taxonomy":"post_tag","embeddable":true,"href":"https:\/\/wp.ufpel.edu.br\/ppgs\/wp-json\/wp\/v2\/tags?post=1884"}],"curies":[{"name":"wp","href":"https:\/\/api.w.org\/{rel}","templated":true}]}}