{"id":1778,"date":"2016-08-11T17:06:07","date_gmt":"2016-08-11T20:06:07","guid":{"rendered":"https:\/\/wp.ufpel.edu.br\/ppgs\/?p=1778"},"modified":"2016-08-11T17:06:07","modified_gmt":"2016-08-11T20:06:07","slug":"nova-edicao-revista-perspectivas-sociais","status":"publish","type":"post","link":"https:\/\/wp.ufpel.edu.br\/ppgs\/2016\/08\/11\/nova-edicao-revista-perspectivas-sociais\/","title":{"rendered":"Nova edi\u00e7\u00e3o Revista Perspectivas Sociais"},"content":{"rendered":"<p>\u00c9 com satisfa\u00e7\u00e3o que a Revista Perspectivas Sociais do Programa de P\u00f3sGradua\u00e7\u00e3o em Sociologia (PPGS) da Universidade Federal de Pelotas (UFPel) publica a edi\u00e7\u00e3o de n\u00famero quatro.<\/p>\n<p>Essa edi\u00e7\u00e3o se destaca por acolher seis artigos que abordam diversos temas caros \u00e0s Ci\u00eancias Sociais: desde relatos dos trabalhadores na \u00e1rea de turismo at\u00e9 uma reflex\u00e3o te\u00f3rica sobre as mobiliza\u00e7\u00f5es pol\u00edticas na sociedade de risco. Al\u00e9m disso, apresenta-se uma reflex\u00e3o acerca do conceito de puni\u00e7\u00e3o em Michel Foucault, bem como, uma pesquisa sobre a tradi\u00e7\u00e3o e modernidade nas perspectivas de Georg Simmel e Anthony Giddens. Finalmente, tamb\u00e9m se encontram trabalhos sobre o uso do path dependence para os estudos em pol\u00edticas p\u00fablicas e a an\u00e1lise da Crise da Bildung segundo Max Weber e Georg Simmel.<\/p>\n<p>Nessa edi\u00e7\u00e3o da Revista Perspectivas Sociais tamb\u00e9m h\u00e1 uma resenha que aborda as teorias de L\u00f6ic Wacquant e L\u00facio Kowarick sobre a discrimina\u00e7\u00e3o na cidade contempor\u00e2nea.<\/p>\n<p>Os textos da revista j\u00e1 podem ser acessados: <a href=\"https:\/\/periodicos.ufpel.edu.br\/ojs2\/index.php\/percsoc\/issue\/view\/500\/showToc\">V. 4, N. 1 (2016)<\/a><\/p>\n","protected":false},"excerpt":{"rendered":"<p>\u00c9 com satisfa\u00e7\u00e3o que a Revista Perspectivas Sociais do Programa de P\u00f3sGradua\u00e7\u00e3o em Sociologia (PPGS) da Universidade Federal de Pelotas (UFPel) publica a edi\u00e7\u00e3o de n\u00famero quatro. Essa edi\u00e7\u00e3o se destaca por acolher seis artigos que abordam diversos temas caros \u00e0s Ci\u00eancias Sociais: desde relatos dos trabalhadores na \u00e1rea de turismo at\u00e9 uma reflex\u00e3o te\u00f3rica [&hellip;]<\/p>\n","protected":false},"author":396,"featured_media":0,"comment_status":"closed","ping_status":"closed","sticky":false,"template":"","format":"standard","meta":{"jetpack_post_was_ever_published":false,"_jetpack_newsletter_access":"","_jetpack_dont_email_post_to_subs":false,"_jetpack_newsletter_tier_id":0,"_jetpack_memberships_contains_paywalled_content":false,"_jetpack_memberships_contains_paid_content":false,"footnotes":"","jetpack_publicize_message":"","jetpack_publicize_feature_enabled":true,"jetpack_social_post_already_shared":false,"jetpack_social_options":{"image_generator_settings":{"template":"highway","default_image_id":0,"font":"","enabled":false},"version":2}},"categories":[18],"tags":[],"class_list":["post-1778","post","type-post","status-publish","format-standard","hentry","category-sem-categoria"],"jetpack_publicize_connections":[],"jetpack_featured_media_url":"","jetpack_sharing_enabled":true,"jetpack_shortlink":"https:\/\/wp.me\/p9dZ0f-sG","jetpack_likes_enabled":true,"jetpack-related-posts":[],"_links":{"self":[{"href":"https:\/\/wp.ufpel.edu.br\/ppgs\/wp-json\/wp\/v2\/posts\/1778","targetHints":{"allow":["GET"]}}],"collection":[{"href":"https:\/\/wp.ufpel.edu.br\/ppgs\/wp-json\/wp\/v2\/posts"}],"about":[{"href":"https:\/\/wp.ufpel.edu.br\/ppgs\/wp-json\/wp\/v2\/types\/post"}],"author":[{"embeddable":true,"href":"https:\/\/wp.ufpel.edu.br\/ppgs\/wp-json\/wp\/v2\/users\/396"}],"replies":[{"embeddable":true,"href":"https:\/\/wp.ufpel.edu.br\/ppgs\/wp-json\/wp\/v2\/comments?post=1778"}],"version-history":[{"count":1,"href":"https:\/\/wp.ufpel.edu.br\/ppgs\/wp-json\/wp\/v2\/posts\/1778\/revisions"}],"predecessor-version":[{"id":1780,"href":"https:\/\/wp.ufpel.edu.br\/ppgs\/wp-json\/wp\/v2\/posts\/1778\/revisions\/1780"}],"wp:attachment":[{"href":"https:\/\/wp.ufpel.edu.br\/ppgs\/wp-json\/wp\/v2\/media?parent=1778"}],"wp:term":[{"taxonomy":"category","embeddable":true,"href":"https:\/\/wp.ufpel.edu.br\/ppgs\/wp-json\/wp\/v2\/categories?post=1778"},{"taxonomy":"post_tag","embeddable":true,"href":"https:\/\/wp.ufpel.edu.br\/ppgs\/wp-json\/wp\/v2\/tags?post=1778"}],"curies":[{"name":"wp","href":"https:\/\/api.w.org\/{rel}","templated":true}]}}