{"id":1774,"date":"2016-08-10T20:45:55","date_gmt":"2016-08-10T23:45:55","guid":{"rendered":"https:\/\/wp.ufpel.edu.br\/ppgs\/?p=1774"},"modified":"2016-08-10T20:45:55","modified_gmt":"2016-08-10T23:45:55","slug":"alunos-especiais-homologados","status":"publish","type":"post","link":"https:\/\/wp.ufpel.edu.br\/ppgs\/2016\/08\/10\/alunos-especiais-homologados\/","title":{"rendered":"Alunos Especiais Homologados"},"content":{"rendered":"<p>Para a efetiva\u00e7\u00e3o da matr\u00edcula \u00e9 necess\u00e1rio a entrega do formul\u00e1rio 02 assinado, nos dias 10 a 16 de agosto.<\/p>\n<p><strong><u>Aprovados<\/u><br \/>\n<\/strong><\/p>\n<p><strong><u>Ra\u00e7a, Etnia e Desigualdade Social no Brasil<\/u><\/strong><\/p>\n<p>Adriana de Souza Gomes Dias<\/p>\n<p>Ana Laura da Silveira Gir\u00e3o<\/p>\n<p>Carla Daiane Cardoso Bulhosa<\/p>\n<p>Eliane Teixeira<\/p>\n<p>Elis Regina Dias de Assis<\/p>\n<p>Liana de Vargas Nunes Coll<\/p>\n<p>M\u00e1rcia Silveira Mussi<\/p>\n<p>&nbsp;<\/p>\n<p><strong><u>Sociologia Econ\u00f4mica<\/u><\/strong><\/p>\n<p>Andr\u00e9 Q. Klug<\/p>\n<p>Dandara Barcellos de Oliveira<\/p>\n<p>Greice Martins Gomes<\/p>\n<p>Matheus Islab\u00e3o Martins<\/p>\n<p>Noris Regina da Silva Rosa<\/p>\n<p>&nbsp;<\/p>\n<p><strong><u>T\u00f3picos I \u2013 Sociologia do Consumo<\/u><\/strong><\/p>\n<p>Giovana Oliveira de Andrada<\/p>\n<p>&nbsp;<\/p>\n<p><strong><u>T\u00f3picos II: Processos identit\u00e1rios e reconhecimento social na sociedade contempor\u00e2nea<\/u><\/strong><\/p>\n<p>Manoela Vieira Neutzling<\/p>\n<p>Adriana de Souza Gomes Dias<\/p>\n<p>Paulo Luiz Brum<\/p>\n<p>Anielca Iribarrem Mattos<\/p>\n<p>Silvia Carla Bauer Barcellos<\/p>\n<p>Greice Martins Gomes<\/p>\n<p>Elis Regina Dias de Assis<\/p>\n<p>&nbsp;<\/p>\n<p><strong><u>Sociologia de Jos\u00e9 de Souza Martins<\/u><\/strong><\/p>\n<p>Cristiane Medeiros da Silveira<\/p>\n<p>Luciana de C\u00e1cia Silveira da Costa<\/p>\n<p>&nbsp;<\/p>\n<p><strong><u>Fundamentos de Sociologia<\/u><\/strong><\/p>\n<p>Saionara dos Santos Clavijo<\/p>\n<p>Alexandre Nogueira Pereira Neto<\/p>\n<p>Bruno Gon\u00e7alves Lemos<\/p>\n<p>Catiane Leite Almeida<\/p>\n<p>Nelson Araujo Cabelleira<\/p>\n","protected":false},"excerpt":{"rendered":"<p>Para a efetiva\u00e7\u00e3o da matr\u00edcula \u00e9 necess\u00e1rio a entrega do formul\u00e1rio 02 assinado, nos dias 10 a 16 de agosto. Aprovados Ra\u00e7a, Etnia e Desigualdade Social no Brasil Adriana de Souza Gomes Dias Ana Laura da Silveira Gir\u00e3o Carla Daiane Cardoso Bulhosa Eliane Teixeira Elis Regina Dias de Assis Liana de Vargas Nunes Coll M\u00e1rcia [&hellip;]<\/p>\n","protected":false},"author":396,"featured_media":0,"comment_status":"closed","ping_status":"closed","sticky":false,"template":"","format":"standard","meta":{"jetpack_post_was_ever_published":false,"_jetpack_newsletter_access":"","_jetpack_dont_email_post_to_subs":false,"_jetpack_newsletter_tier_id":0,"_jetpack_memberships_contains_paywalled_content":false,"_jetpack_memberships_contains_paid_content":false,"footnotes":"","jetpack_publicize_message":"","jetpack_publicize_feature_enabled":true,"jetpack_social_post_already_shared":false,"jetpack_social_options":{"image_generator_settings":{"template":"highway","default_image_id":0,"font":"","enabled":false},"version":2}},"categories":[18],"tags":[],"class_list":["post-1774","post","type-post","status-publish","format-standard","hentry","category-sem-categoria"],"jetpack_publicize_connections":[],"jetpack_featured_media_url":"","jetpack_sharing_enabled":true,"jetpack_shortlink":"https:\/\/wp.me\/p9dZ0f-sC","jetpack_likes_enabled":true,"jetpack-related-posts":[],"_links":{"self":[{"href":"https:\/\/wp.ufpel.edu.br\/ppgs\/wp-json\/wp\/v2\/posts\/1774","targetHints":{"allow":["GET"]}}],"collection":[{"href":"https:\/\/wp.ufpel.edu.br\/ppgs\/wp-json\/wp\/v2\/posts"}],"about":[{"href":"https:\/\/wp.ufpel.edu.br\/ppgs\/wp-json\/wp\/v2\/types\/post"}],"author":[{"embeddable":true,"href":"https:\/\/wp.ufpel.edu.br\/ppgs\/wp-json\/wp\/v2\/users\/396"}],"replies":[{"embeddable":true,"href":"https:\/\/wp.ufpel.edu.br\/ppgs\/wp-json\/wp\/v2\/comments?post=1774"}],"version-history":[{"count":1,"href":"https:\/\/wp.ufpel.edu.br\/ppgs\/wp-json\/wp\/v2\/posts\/1774\/revisions"}],"predecessor-version":[{"id":1777,"href":"https:\/\/wp.ufpel.edu.br\/ppgs\/wp-json\/wp\/v2\/posts\/1774\/revisions\/1777"}],"wp:attachment":[{"href":"https:\/\/wp.ufpel.edu.br\/ppgs\/wp-json\/wp\/v2\/media?parent=1774"}],"wp:term":[{"taxonomy":"category","embeddable":true,"href":"https:\/\/wp.ufpel.edu.br\/ppgs\/wp-json\/wp\/v2\/categories?post=1774"},{"taxonomy":"post_tag","embeddable":true,"href":"https:\/\/wp.ufpel.edu.br\/ppgs\/wp-json\/wp\/v2\/tags?post=1774"}],"curies":[{"name":"wp","href":"https:\/\/api.w.org\/{rel}","templated":true}]}}