{"id":1730,"date":"2016-07-26T18:22:56","date_gmt":"2016-07-26T21:22:56","guid":{"rendered":"https:\/\/wp.ufpel.edu.br\/ppgs\/?p=1730"},"modified":"2026-04-20T13:31:41","modified_gmt":"2026-04-20T16:31:41","slug":"novo-numero-da-revista-norus-a-dinamica-das-relacoes-raciais-dados-abordagens-e-interseccoes","status":"publish","type":"post","link":"https:\/\/wp.ufpel.edu.br\/ppgs\/2016\/07\/26\/novo-numero-da-revista-norus-a-dinamica-das-relacoes-raciais-dados-abordagens-e-interseccoes\/","title":{"rendered":"Novo n\u00famero da revista NORUS &#8220;A din\u00e2mica das rela\u00e7\u00f5es raciais: dados, abordagens e intersec\u00e7\u00f5es&#8221;"},"content":{"rendered":"<p>O n\u00famero 5 da Revista Novos Rumos Sociol\u00f3gicos, com o Dossi\u00ea &#8220;A din\u00e2mica das rela\u00e7\u00f5es raciais: dados, abordagens e intersec\u00e7\u00f5es&#8221;, est\u00e1 no ar: \u00a0Nesse dossi\u00ea, organizado pela Prof\u00aa Luciana Garcia Mello e pelo Prof\u00ba Marcus Vin\u00edcius Spolle, professores e pesquisadores da Universidade Federal do Rio Grande Sul (UFRGS) e da Universidade Federal de Pelotas (UFPel), destaca-se a diversidade de temas em trabalhos que abordam quest\u00f5es relativas \u00e0 din\u00e2mica das rela\u00e7\u00f5es raciais na sociedade brasileira, bem como casos argentinos.<\/p>\n<p>Esse dossi\u00ea se destaca por estar acolhendo nove pesquisas emp\u00edricas do Brasil e da Argentina que focalizam tanto pr\u00e1ticas discriminat\u00f3rias quanto as diversas formas de reprodu\u00e7\u00e3o do racismo e das desigualdades raciais no per\u00edodo atual. Al\u00e9m disso, h\u00e1 trabalhos que abordam quest\u00f5es relativas ao antirracismo e pol\u00edticas p\u00fablicas de combate ao racismo e as desigualdades raciais, bem como as novas l\u00f3gicas de a\u00e7\u00e3o da sociedade civil e dos movimentos sociais. Finalmente, tamb\u00e9m se encontram trabalhos que inter-relacionam a discuss\u00e3o de g\u00eanero e religi\u00e3o \u00e0 problem\u00e1tica racial.<\/p>\n<p>Nessa edi\u00e7\u00e3o da Revista NORUS tamb\u00e9m h\u00e1 quatro artigos livres que abordam variados temas, como pol\u00edtica nacional, cinema, Nova Sociologia Econ\u00f4mica e Sociologia da Ci\u00eancia. Al\u00e9m disso, uma resenha de um livro mexicano que enfoca a tem\u00e1tica dos Call Centers.<\/p>\n<p>Os textos da revista \u00e1 podem ser acessados: <a href=\"https:\/\/periodicos.ufpel.edu.br\/ojs2\/index.php\/NORUS\/issue\/view\/545\">NORUS v. 4 n. 5 (2016)<\/a><\/p>\n","protected":false},"excerpt":{"rendered":"<p>O n\u00famero 5 da Revista Novos Rumos Sociol\u00f3gicos, com o Dossi\u00ea &#8220;A din\u00e2mica das rela\u00e7\u00f5es raciais: dados, abordagens e intersec\u00e7\u00f5es&#8221;, est\u00e1 no ar: \u00a0Nesse dossi\u00ea, organizado pela Prof\u00aa Luciana Garcia Mello e pelo Prof\u00ba Marcus Vin\u00edcius Spolle, professores e pesquisadores da Universidade Federal do Rio Grande Sul (UFRGS) e da Universidade Federal de Pelotas (UFPel), [&hellip;]<\/p>\n","protected":false},"author":396,"featured_media":0,"comment_status":"closed","ping_status":"closed","sticky":false,"template":"","format":"standard","meta":{"jetpack_post_was_ever_published":false,"_jetpack_newsletter_access":"","_jetpack_dont_email_post_to_subs":false,"_jetpack_newsletter_tier_id":0,"_jetpack_memberships_contains_paywalled_content":false,"_jetpack_memberships_contains_paid_content":false,"footnotes":"","jetpack_publicize_message":"","jetpack_publicize_feature_enabled":true,"jetpack_social_post_already_shared":false,"jetpack_social_options":{"image_generator_settings":{"template":"highway","default_image_id":0,"font":"","enabled":false},"version":2}},"categories":[73191],"tags":[],"class_list":["post-1730","post","type-post","status-publish","format-standard","hentry","category-noticias"],"jetpack_publicize_connections":[],"jetpack_featured_media_url":"","jetpack_sharing_enabled":true,"jetpack_shortlink":"https:\/\/wp.me\/p9dZ0f-rU","jetpack_likes_enabled":true,"jetpack-related-posts":[],"_links":{"self":[{"href":"https:\/\/wp.ufpel.edu.br\/ppgs\/wp-json\/wp\/v2\/posts\/1730","targetHints":{"allow":["GET"]}}],"collection":[{"href":"https:\/\/wp.ufpel.edu.br\/ppgs\/wp-json\/wp\/v2\/posts"}],"about":[{"href":"https:\/\/wp.ufpel.edu.br\/ppgs\/wp-json\/wp\/v2\/types\/post"}],"author":[{"embeddable":true,"href":"https:\/\/wp.ufpel.edu.br\/ppgs\/wp-json\/wp\/v2\/users\/396"}],"replies":[{"embeddable":true,"href":"https:\/\/wp.ufpel.edu.br\/ppgs\/wp-json\/wp\/v2\/comments?post=1730"}],"version-history":[{"count":3,"href":"https:\/\/wp.ufpel.edu.br\/ppgs\/wp-json\/wp\/v2\/posts\/1730\/revisions"}],"predecessor-version":[{"id":1734,"href":"https:\/\/wp.ufpel.edu.br\/ppgs\/wp-json\/wp\/v2\/posts\/1730\/revisions\/1734"}],"wp:attachment":[{"href":"https:\/\/wp.ufpel.edu.br\/ppgs\/wp-json\/wp\/v2\/media?parent=1730"}],"wp:term":[{"taxonomy":"category","embeddable":true,"href":"https:\/\/wp.ufpel.edu.br\/ppgs\/wp-json\/wp\/v2\/categories?post=1730"},{"taxonomy":"post_tag","embeddable":true,"href":"https:\/\/wp.ufpel.edu.br\/ppgs\/wp-json\/wp\/v2\/tags?post=1730"}],"curies":[{"name":"wp","href":"https:\/\/api.w.org\/{rel}","templated":true}]}}