{"id":1689,"date":"2016-07-07T14:17:16","date_gmt":"2016-07-07T17:17:16","guid":{"rendered":"https:\/\/wp.ufpel.edu.br\/ppgs\/?p=1689"},"modified":"2016-07-08T13:24:29","modified_gmt":"2016-07-08T16:24:29","slug":"convite-para-defesas-de-qualificacao-2","status":"publish","type":"post","link":"https:\/\/wp.ufpel.edu.br\/ppgs\/2016\/07\/07\/convite-para-defesas-de-qualificacao-2\/","title":{"rendered":"Convite para Defesas de Qualifica\u00e7\u00e3o"},"content":{"rendered":"<p>Anunciamos aqui as defesas de qualifica\u00e7\u00e3o dos seguintes discentes:<\/p>\n<p><strong>Ana Paola Malicheski Victoria<\/strong><\/p>\n<p>&#8220;Mercados Enraizados, Tradi\u00e7\u00e3o e Capital Social: um poss\u00edvel di\u00e1logo entre agricultura familiar e desenvolvimento local&#8221;, sob a orienta\u00e7\u00e3o do Prof. Dr. William H\u00e9ctor G\u00f3mez Soto.<\/p>\n<p>Data: 11 de julho, \u00e0s 14:30hs<\/p>\n<p>Local: Sala 352, no pr\u00e9dio do IFISP, Rua Cel. Alberto Rosa, 154.<\/p>\n<p><strong>F\u00e1bio Dias Ribeiro Elste<\/strong><\/p>\n<p>&#8220;O conflito discursivo entre a agricultura biotecnol\u00f3gica e a agroecologia na cidade de Cangu\u00e7u&#8221;, sob orienta\u00e7\u00e3o do Prof. Dr. William H\u00e9ctor G\u00f3mez Soto.<\/p>\n<p>Data: 12 de julho, \u00e0s 14:30hs<\/p>\n<p>Local: 352, no pr\u00e9dio do IFISP, Rua Cel. Alberto Rosa, 154.<\/p>\n","protected":false},"excerpt":{"rendered":"<p>Anunciamos aqui as defesas de qualifica\u00e7\u00e3o dos seguintes discentes: Ana Paola Malicheski Victoria &#8220;Mercados Enraizados, Tradi\u00e7\u00e3o e Capital Social: um poss\u00edvel di\u00e1logo entre agricultura familiar e desenvolvimento local&#8221;, sob a orienta\u00e7\u00e3o do Prof. Dr. William H\u00e9ctor G\u00f3mez Soto. Data: 11 de julho, \u00e0s 14:30hs Local: Sala 352, no pr\u00e9dio do IFISP, Rua Cel. Alberto Rosa, [&hellip;]<\/p>\n","protected":false},"author":396,"featured_media":0,"comment_status":"closed","ping_status":"closed","sticky":false,"template":"","format":"standard","meta":{"jetpack_post_was_ever_published":false,"_jetpack_newsletter_access":"","_jetpack_dont_email_post_to_subs":false,"_jetpack_newsletter_tier_id":0,"_jetpack_memberships_contains_paywalled_content":false,"_jetpack_memberships_contains_paid_content":false,"footnotes":"","jetpack_publicize_message":"","jetpack_publicize_feature_enabled":true,"jetpack_social_post_already_shared":false,"jetpack_social_options":{"image_generator_settings":{"template":"highway","default_image_id":0,"font":"","enabled":false},"version":2}},"categories":[18],"tags":[],"class_list":["post-1689","post","type-post","status-publish","format-standard","hentry","category-sem-categoria"],"jetpack_publicize_connections":[],"jetpack_featured_media_url":"","jetpack_sharing_enabled":true,"jetpack_shortlink":"https:\/\/wp.me\/p9dZ0f-rf","jetpack_likes_enabled":true,"jetpack-related-posts":[],"_links":{"self":[{"href":"https:\/\/wp.ufpel.edu.br\/ppgs\/wp-json\/wp\/v2\/posts\/1689","targetHints":{"allow":["GET"]}}],"collection":[{"href":"https:\/\/wp.ufpel.edu.br\/ppgs\/wp-json\/wp\/v2\/posts"}],"about":[{"href":"https:\/\/wp.ufpel.edu.br\/ppgs\/wp-json\/wp\/v2\/types\/post"}],"author":[{"embeddable":true,"href":"https:\/\/wp.ufpel.edu.br\/ppgs\/wp-json\/wp\/v2\/users\/396"}],"replies":[{"embeddable":true,"href":"https:\/\/wp.ufpel.edu.br\/ppgs\/wp-json\/wp\/v2\/comments?post=1689"}],"version-history":[{"count":6,"href":"https:\/\/wp.ufpel.edu.br\/ppgs\/wp-json\/wp\/v2\/posts\/1689\/revisions"}],"predecessor-version":[{"id":1698,"href":"https:\/\/wp.ufpel.edu.br\/ppgs\/wp-json\/wp\/v2\/posts\/1689\/revisions\/1698"}],"wp:attachment":[{"href":"https:\/\/wp.ufpel.edu.br\/ppgs\/wp-json\/wp\/v2\/media?parent=1689"}],"wp:term":[{"taxonomy":"category","embeddable":true,"href":"https:\/\/wp.ufpel.edu.br\/ppgs\/wp-json\/wp\/v2\/categories?post=1689"},{"taxonomy":"post_tag","embeddable":true,"href":"https:\/\/wp.ufpel.edu.br\/ppgs\/wp-json\/wp\/v2\/tags?post=1689"}],"curies":[{"name":"wp","href":"https:\/\/api.w.org\/{rel}","templated":true}]}}