{"id":1661,"date":"2016-06-17T14:41:15","date_gmt":"2016-06-17T17:41:15","guid":{"rendered":"https:\/\/wp.ufpel.edu.br\/ppgs\/?p=1661"},"modified":"2026-04-20T13:31:42","modified_gmt":"2026-04-20T16:31:42","slug":"chamada-de-trabalhos-dossie-a-atualidade-de-henri-lefebvre-na-revista-norus","status":"publish","type":"post","link":"https:\/\/wp.ufpel.edu.br\/ppgs\/2016\/06\/17\/chamada-de-trabalhos-dossie-a-atualidade-de-henri-lefebvre-na-revista-norus\/","title":{"rendered":"Chamada de trabalhos: dossi\u00ea &#8220;A atualidade de Henri Lefebvre&#8221; na Revista Norus"},"content":{"rendered":"<div class=\"gmail_default\"><span style=\"font-family: tahoma,sans-serif\">A Revista Novos Rumos Sociol\u00f3gicos (NORUS), vinculada ao Programa de P\u00f3s-gradua\u00e7\u00e3o em Sociologia, para o segundo semestre de 2016 est\u00e1 recebendo artigos para compor o dossi\u00ea tem\u00e1tico &#8220;A atualidade de Henri Lefebvre&#8221;<\/span><\/div>\n<div class=\"gmail_default\"><span style=\"font-family: tahoma,sans-serif\">\u00a0<\/span><\/div>\n<div class=\"gmail_default\"><span style=\"font-family: tahoma,sans-serif\">Organizadores:<\/span><\/div>\n<div class=\"gmail_default\"><span style=\"font-family: tahoma,sans-serif\">Prof. Dr. William H\u00e9ctor G\u00f3mez Soto &#8211; UFPEL\/PPGS<\/span><\/div>\n<div class=\"gmail_default\"><span style=\"font-family: tahoma,sans-serif\">Prof.Dr. Carlos RS Machado &#8211; FURG\/PPGEA<\/span><\/div>\n<div class=\"gmail_default\"><span style=\"font-family: tahoma,sans-serif\">Prazos para submiss\u00e3o: 18\/07\/2016<\/span><\/div>\n<div class=\"gmail_default\"><span style=\"font-family: tahoma,sans-serif\">A submiss\u00e3o dos artigos deve ser feita pelo site REVISTA NORUS<\/span><\/div>\n<div class=\"gmail_default\"><span style=\"font-family: tahoma,sans-serif\">(<a href=\"https:\/\/periodicos.ufpel.edu.br\/ojs2\/index.php\/NORUS\/index\" target=\"_blank\">https:\/\/periodicos.ufpel.edu.br\/ojs2\/index.php\/NORUS\/index<\/a>)<\/span><\/div>\n<div class=\"gmail_default\"><span style=\"font-family: tahoma,sans-serif\">Mais informa\u00e7\u00f5es: <a href=\"mailto:revnorus@gmail.com\" target=\"_blank\">revnorus@gmail.com<\/a><\/span><\/div>\n<div class=\"gmail_default\"><span style=\"font-family: tahoma,sans-serif\"><a href=\"https:\/\/i0.wp.com\/wp.ufpel.edu.br\/ppgs\/files\/2016\/06\/Lefebvre.png?ssl=1\"><img data-recalc-dims=\"1\" data-attachment-id=\"1658\" data-permalink=\"https:\/\/wp.ufpel.edu.br\/ppgs\/lefebvre-2\/\" data-orig-file=\"https:\/\/i0.wp.com\/wp.ufpel.edu.br\/ppgs\/files\/2016\/06\/Lefebvre.png?fit=448%2C334&amp;ssl=1\" data-orig-size=\"448,334\" data-comments-opened=\"0\" data-image-meta=\"{&quot;aperture&quot;:&quot;0&quot;,&quot;credit&quot;:&quot;&quot;,&quot;camera&quot;:&quot;&quot;,&quot;caption&quot;:&quot;&quot;,&quot;created_timestamp&quot;:&quot;0&quot;,&quot;copyright&quot;:&quot;&quot;,&quot;focal_length&quot;:&quot;0&quot;,&quot;iso&quot;:&quot;0&quot;,&quot;shutter_speed&quot;:&quot;0&quot;,&quot;title&quot;:&quot;&quot;,&quot;orientation&quot;:&quot;0&quot;}\" data-image-title=\"Lefebvre\" data-image-description=\"\" data-image-caption=\"\" data-medium-file=\"https:\/\/i0.wp.com\/wp.ufpel.edu.br\/ppgs\/files\/2016\/06\/Lefebvre.png?fit=400%2C298&amp;ssl=1\" data-large-file=\"https:\/\/i0.wp.com\/wp.ufpel.edu.br\/ppgs\/files\/2016\/06\/Lefebvre.png?fit=448%2C220&amp;ssl=1\" class=\"size-full wp-image-1658 alignleft\" src=\"https:\/\/i0.wp.com\/wp.ufpel.edu.br\/ppgs\/files\/2016\/06\/Lefebvre.png?resize=448%2C334&#038;ssl=1\" alt=\"Lefebvre\" width=\"448\" height=\"334\" srcset=\"https:\/\/i0.wp.com\/wp.ufpel.edu.br\/ppgs\/files\/2016\/06\/Lefebvre.png?w=448&amp;ssl=1 448w, https:\/\/i0.wp.com\/wp.ufpel.edu.br\/ppgs\/files\/2016\/06\/Lefebvre.png?resize=212%2C159&amp;ssl=1 212w, https:\/\/i0.wp.com\/wp.ufpel.edu.br\/ppgs\/files\/2016\/06\/Lefebvre.png?resize=424%2C316&amp;ssl=1 424w\" sizes=\"(max-width: 448px) 100vw, 448px\" \/><\/a><\/span><\/div>\n<div class=\"gmail_default\"><span style=\"font-family: tahoma,sans-serif\">\u00a0<\/span><\/div>\n<div class=\"gmail_default\"><\/div>\n<div class=\"gmail_default\"><\/div>\n<div class=\"gmail_default\"><\/div>\n<div class=\"gmail_default\"><\/div>\n<div class=\"gmail_default\"><\/div>\n<div class=\"gmail_default\"><\/div>\n<div class=\"gmail_default\"><\/div>\n<div class=\"gmail_default\"><\/div>\n<div class=\"gmail_default\"><\/div>\n<div class=\"gmail_default\"><\/div>\n<div class=\"gmail_default\"><\/div>\n<div class=\"gmail_default\"><\/div>\n<div class=\"gmail_default\"><\/div>\n<div class=\"gmail_default\"><\/div>\n<p><!--more--><\/p>\n<div class=\"gmail_default\"><strong><span style=\"font-family: tahoma,sans-serif\">Ementa\u00a0<\/span><\/strong><\/div>\n<div class=\"gmail_default\"><span style=\"font-family: tahoma,sans-serif\">O dossi\u00ea objetiva receber artigos que destaquem a contribui\u00e7\u00e3o do pensamento de Henri Lefebvre para a compreens\u00e3o da sociedade contempor\u00e2nea. Por um lado, pretende-se publicar artigos cient\u00edficos que abordem criticamente os diversos aspectos da teoria de Lefebvre, seja comparando-o com outros autores, seja aprofundando ou atualizando conceitos e teorias; mas tamb\u00e9m divulgar pesquisas emp\u00edricas que abordem problem\u00e1ticas relacionadas com os movimentos sociais, as cidades e o sub\u00farbio, as rela\u00e7\u00f5es campo cidade, o espa\u00e7o, o tempo e a vida cotidiana, a modernidade, o direito \u00e0 cidade e \u00e0 diferen\u00e7a.<\/span><\/div>\n<div class=\"gmail_default\"><span style=\"font-family: tahoma,sans-serif\">\u00a0<\/span><\/div>\n<div class=\"gmail_default\"><span style=\"font-family: tahoma,sans-serif\">Na Fran\u00e7a, na Espanha e nos Estados Unidos, assim como em outros pa\u00edses, \u00e9 poss\u00edvel identificar esfor\u00e7os para resgatar o pensamento de Lefebvre, atrav\u00e9s de pesquisas, da publica\u00e7\u00e3o de livros sobre sua obra, e reeditados seus livros e realizados eventos sobre seu pensamento. Talvez, isso decorra de ser Henri Lefebvre pensador anticapitalista radical que, como disse Michael Lowy, nos ajuda a compreender e agir no s\u00e9culo XXI.<\/span><\/div>\n<div class=\"gmail_default\"><span style=\"font-family: tahoma,sans-serif\">\u00a0<\/span><\/div>\n<div class=\"gmail_default\"><span style=\"font-family: tahoma,sans-serif\">Portanto, o dossi\u00ea visa, ainda, superar certo preconceito que tem impedido a divulga\u00e7\u00e3o plena da produ\u00e7\u00e3o te\u00f3rica lefebvriana resgatada pelo soci\u00f3logo Jos\u00e9 de Souza Martins, em especial para a sociologia brasileira, mas utilizada por diferentes \u00e1reas do conhecimento nas ci\u00eancias humanas e sociais.<\/span><\/div>\n","protected":false},"excerpt":{"rendered":"<p>A Revista Novos Rumos Sociol\u00f3gicos (NORUS), vinculada ao Programa de P\u00f3s-gradua\u00e7\u00e3o em Sociologia, para o segundo semestre de 2016 est\u00e1 recebendo artigos para compor o dossi\u00ea tem\u00e1tico &#8220;A atualidade de Henri Lefebvre&#8221; \u00a0 Organizadores: Prof. Dr. William H\u00e9ctor G\u00f3mez Soto &#8211; UFPEL\/PPGS Prof.Dr. Carlos RS Machado &#8211; FURG\/PPGEA Prazos para submiss\u00e3o: 18\/07\/2016 A submiss\u00e3o dos [&hellip;]<\/p>\n","protected":false},"author":396,"featured_media":0,"comment_status":"closed","ping_status":"closed","sticky":false,"template":"","format":"standard","meta":{"jetpack_post_was_ever_published":false,"_jetpack_newsletter_access":"","_jetpack_dont_email_post_to_subs":false,"_jetpack_newsletter_tier_id":0,"_jetpack_memberships_contains_paywalled_content":false,"_jetpack_memberships_contains_paid_content":false,"footnotes":"","jetpack_publicize_message":"","jetpack_publicize_feature_enabled":true,"jetpack_social_post_already_shared":false,"jetpack_social_options":{"image_generator_settings":{"template":"highway","default_image_id":0,"font":"","enabled":false},"version":2}},"categories":[73191],"tags":[],"class_list":["post-1661","post","type-post","status-publish","format-standard","hentry","category-noticias"],"jetpack_publicize_connections":[],"jetpack_featured_media_url":"","jetpack_sharing_enabled":true,"jetpack_shortlink":"https:\/\/wp.me\/p9dZ0f-qN","jetpack_likes_enabled":true,"jetpack-related-posts":[],"_links":{"self":[{"href":"https:\/\/wp.ufpel.edu.br\/ppgs\/wp-json\/wp\/v2\/posts\/1661","targetHints":{"allow":["GET"]}}],"collection":[{"href":"https:\/\/wp.ufpel.edu.br\/ppgs\/wp-json\/wp\/v2\/posts"}],"about":[{"href":"https:\/\/wp.ufpel.edu.br\/ppgs\/wp-json\/wp\/v2\/types\/post"}],"author":[{"embeddable":true,"href":"https:\/\/wp.ufpel.edu.br\/ppgs\/wp-json\/wp\/v2\/users\/396"}],"replies":[{"embeddable":true,"href":"https:\/\/wp.ufpel.edu.br\/ppgs\/wp-json\/wp\/v2\/comments?post=1661"}],"version-history":[{"count":4,"href":"https:\/\/wp.ufpel.edu.br\/ppgs\/wp-json\/wp\/v2\/posts\/1661\/revisions"}],"predecessor-version":[{"id":1666,"href":"https:\/\/wp.ufpel.edu.br\/ppgs\/wp-json\/wp\/v2\/posts\/1661\/revisions\/1666"}],"wp:attachment":[{"href":"https:\/\/wp.ufpel.edu.br\/ppgs\/wp-json\/wp\/v2\/media?parent=1661"}],"wp:term":[{"taxonomy":"category","embeddable":true,"href":"https:\/\/wp.ufpel.edu.br\/ppgs\/wp-json\/wp\/v2\/categories?post=1661"},{"taxonomy":"post_tag","embeddable":true,"href":"https:\/\/wp.ufpel.edu.br\/ppgs\/wp-json\/wp\/v2\/tags?post=1661"}],"curies":[{"name":"wp","href":"https:\/\/api.w.org\/{rel}","templated":true}]}}