{"id":1651,"date":"2016-06-13T12:44:07","date_gmt":"2016-06-13T15:44:07","guid":{"rendered":"https:\/\/wp.ufpel.edu.br\/ppgs\/?p=1651"},"modified":"2016-06-13T12:44:07","modified_gmt":"2016-06-13T15:44:07","slug":"cancelamento-de-palestra-cooperacao-brasil-x-italia","status":"publish","type":"post","link":"https:\/\/wp.ufpel.edu.br\/ppgs\/2016\/06\/13\/cancelamento-de-palestra-cooperacao-brasil-x-italia\/","title":{"rendered":"Cancelamento de palestra &#8211; &#8220;Coopera\u00e7\u00e3o Brasil x It\u00e1lia&#8221;"},"content":{"rendered":"<p>\u00c9 com pesar que informamos o cancelamento da palestra &#8220;Coopera\u00e7\u00e3o Brasil x It\u00e1lia: Relato de Experi\u00eancia&#8221;, agendada para o dia 16 de junho, devido a ocupa\u00e7\u00e3o em curso no pr\u00e9dio do ICH e IFISP.<\/p>\n<p>A palestra ser\u00e1 reagendada para um oportunidade vindoura.<\/p>\n","protected":false},"excerpt":{"rendered":"<p>\u00c9 com pesar que informamos o cancelamento da palestra &#8220;Coopera\u00e7\u00e3o Brasil x It\u00e1lia: Relato de Experi\u00eancia&#8221;, agendada para o dia 16 de junho, devido a ocupa\u00e7\u00e3o em curso no pr\u00e9dio do ICH e IFISP. A palestra ser\u00e1 reagendada para um oportunidade vindoura.<\/p>\n","protected":false},"author":396,"featured_media":0,"comment_status":"closed","ping_status":"closed","sticky":false,"template":"","format":"standard","meta":{"jetpack_post_was_ever_published":false,"_jetpack_newsletter_access":"","_jetpack_dont_email_post_to_subs":false,"_jetpack_newsletter_tier_id":0,"_jetpack_memberships_contains_paywalled_content":false,"_jetpack_memberships_contains_paid_content":false,"footnotes":"","jetpack_publicize_message":"","jetpack_publicize_feature_enabled":true,"jetpack_social_post_already_shared":false,"jetpack_social_options":{"image_generator_settings":{"template":"highway","default_image_id":0,"font":"","enabled":false},"version":2}},"categories":[18],"tags":[],"class_list":["post-1651","post","type-post","status-publish","format-standard","hentry","category-sem-categoria"],"jetpack_publicize_connections":[],"jetpack_featured_media_url":"","jetpack_sharing_enabled":true,"jetpack_shortlink":"https:\/\/wp.me\/p9dZ0f-qD","jetpack_likes_enabled":true,"jetpack-related-posts":[],"_links":{"self":[{"href":"https:\/\/wp.ufpel.edu.br\/ppgs\/wp-json\/wp\/v2\/posts\/1651","targetHints":{"allow":["GET"]}}],"collection":[{"href":"https:\/\/wp.ufpel.edu.br\/ppgs\/wp-json\/wp\/v2\/posts"}],"about":[{"href":"https:\/\/wp.ufpel.edu.br\/ppgs\/wp-json\/wp\/v2\/types\/post"}],"author":[{"embeddable":true,"href":"https:\/\/wp.ufpel.edu.br\/ppgs\/wp-json\/wp\/v2\/users\/396"}],"replies":[{"embeddable":true,"href":"https:\/\/wp.ufpel.edu.br\/ppgs\/wp-json\/wp\/v2\/comments?post=1651"}],"version-history":[{"count":1,"href":"https:\/\/wp.ufpel.edu.br\/ppgs\/wp-json\/wp\/v2\/posts\/1651\/revisions"}],"predecessor-version":[{"id":1653,"href":"https:\/\/wp.ufpel.edu.br\/ppgs\/wp-json\/wp\/v2\/posts\/1651\/revisions\/1653"}],"wp:attachment":[{"href":"https:\/\/wp.ufpel.edu.br\/ppgs\/wp-json\/wp\/v2\/media?parent=1651"}],"wp:term":[{"taxonomy":"category","embeddable":true,"href":"https:\/\/wp.ufpel.edu.br\/ppgs\/wp-json\/wp\/v2\/categories?post=1651"},{"taxonomy":"post_tag","embeddable":true,"href":"https:\/\/wp.ufpel.edu.br\/ppgs\/wp-json\/wp\/v2\/tags?post=1651"}],"curies":[{"name":"wp","href":"https:\/\/api.w.org\/{rel}","templated":true}]}}