{"id":1587,"date":"2016-05-26T13:22:13","date_gmt":"2016-05-26T16:22:13","guid":{"rendered":"https:\/\/wp.ufpel.edu.br\/ppgs\/?p=1587"},"modified":"2026-04-20T13:29:44","modified_gmt":"2026-04-20T16:29:44","slug":"1587","status":"publish","type":"post","link":"https:\/\/wp.ufpel.edu.br\/ppgs\/2016\/05\/26\/1587\/","title":{"rendered":"Livro publicado PPGS &#8211; Diversidade Sociol\u00f3gica"},"content":{"rendered":"<p style=\"text-align: justify\"><a href=\"https:\/\/i0.wp.com\/wp.ufpel.edu.br\/ppgs\/files\/2016\/05\/tim.jpg?ssl=1\"><img data-recalc-dims=\"1\" data-attachment-id=\"1589\" data-permalink=\"https:\/\/wp.ufpel.edu.br\/ppgs\/2016\/05\/26\/1587\/tim\/\" data-orig-file=\"https:\/\/i0.wp.com\/wp.ufpel.edu.br\/ppgs\/files\/2016\/05\/tim.jpg?fit=303%2C443&amp;ssl=1\" data-orig-size=\"303,443\" data-comments-opened=\"0\" data-image-meta=\"{&quot;aperture&quot;:&quot;0&quot;,&quot;credit&quot;:&quot;&quot;,&quot;camera&quot;:&quot;&quot;,&quot;caption&quot;:&quot;&quot;,&quot;created_timestamp&quot;:&quot;0&quot;,&quot;copyright&quot;:&quot;&quot;,&quot;focal_length&quot;:&quot;0&quot;,&quot;iso&quot;:&quot;0&quot;,&quot;shutter_speed&quot;:&quot;0&quot;,&quot;title&quot;:&quot;&quot;,&quot;orientation&quot;:&quot;0&quot;}\" data-image-title=\"tim\" data-image-description=\"\" data-image-caption=\"\" data-medium-file=\"https:\/\/i0.wp.com\/wp.ufpel.edu.br\/ppgs\/files\/2016\/05\/tim.jpg?fit=218%2C318&amp;ssl=1\" data-large-file=\"https:\/\/i0.wp.com\/wp.ufpel.edu.br\/ppgs\/files\/2016\/05\/tim.jpg?fit=303%2C220&amp;ssl=1\" class=\"wp-image-1589 aligncenter\" src=\"https:\/\/i0.wp.com\/wp.ufpel.edu.br\/ppgs\/files\/2016\/05\/tim.jpg?resize=192%2C281&#038;ssl=1\" alt=\"tim\" width=\"192\" height=\"281\" srcset=\"https:\/\/i0.wp.com\/wp.ufpel.edu.br\/ppgs\/files\/2016\/05\/tim.jpg?w=303&amp;ssl=1 303w, https:\/\/i0.wp.com\/wp.ufpel.edu.br\/ppgs\/files\/2016\/05\/tim.jpg?resize=109%2C159&amp;ssl=1 109w, https:\/\/i0.wp.com\/wp.ufpel.edu.br\/ppgs\/files\/2016\/05\/tim.jpg?resize=218%2C318&amp;ssl=1 218w\" sizes=\"(max-width: 192px) 100vw, 192px\" \/><\/a><\/p>\n<p style=\"text-align: justify\">Mais um lan\u00e7amento do PPGSociologia que apresenta as diferentes facetas \u2013 te\u00f3rica, metodol\u00f3gica e epistemol\u00f3gica \u2013 da realiza\u00e7\u00e3o da pesquisa em sociologia, resultado do conv\u00eanio PROCAD\/Casadinho dos Programas de P\u00f3s-gradua\u00e7\u00e3o em Sociologia da UFRGS e da UFPel.<br \/>\n<!--more--><\/p>\n<p>http:\/\/editorialpaco.com.br\/livro\/10267\/<\/p>\n","protected":false},"excerpt":{"rendered":"<p>Mais um lan\u00e7amento do PPGSociologia que apresenta as diferentes facetas \u2013 te\u00f3rica, metodol\u00f3gica e epistemol\u00f3gica \u2013 da realiza\u00e7\u00e3o da pesquisa em sociologia, resultado do conv\u00eanio PROCAD\/Casadinho dos Programas de P\u00f3s-gradua\u00e7\u00e3o em Sociologia da UFRGS e da UFPel.<\/p>\n","protected":false},"author":396,"featured_media":0,"comment_status":"closed","ping_status":"closed","sticky":false,"template":"","format":"standard","meta":{"jetpack_post_was_ever_published":false,"_jetpack_newsletter_access":"","_jetpack_dont_email_post_to_subs":false,"_jetpack_newsletter_tier_id":0,"_jetpack_memberships_contains_paywalled_content":false,"_jetpack_memberships_contains_paid_content":false,"footnotes":"","jetpack_publicize_message":"","jetpack_publicize_feature_enabled":true,"jetpack_social_post_already_shared":false,"jetpack_social_options":{"image_generator_settings":{"template":"highway","default_image_id":0,"font":"","enabled":false},"version":2}},"categories":[73215],"tags":[],"class_list":["post-1587","post","type-post","status-publish","format-standard","hentry","category-livros"],"jetpack_publicize_connections":[],"jetpack_featured_media_url":"","jetpack_sharing_enabled":true,"jetpack_shortlink":"https:\/\/wp.me\/s9dZ0f-1587","jetpack_likes_enabled":true,"jetpack-related-posts":[],"_links":{"self":[{"href":"https:\/\/wp.ufpel.edu.br\/ppgs\/wp-json\/wp\/v2\/posts\/1587","targetHints":{"allow":["GET"]}}],"collection":[{"href":"https:\/\/wp.ufpel.edu.br\/ppgs\/wp-json\/wp\/v2\/posts"}],"about":[{"href":"https:\/\/wp.ufpel.edu.br\/ppgs\/wp-json\/wp\/v2\/types\/post"}],"author":[{"embeddable":true,"href":"https:\/\/wp.ufpel.edu.br\/ppgs\/wp-json\/wp\/v2\/users\/396"}],"replies":[{"embeddable":true,"href":"https:\/\/wp.ufpel.edu.br\/ppgs\/wp-json\/wp\/v2\/comments?post=1587"}],"version-history":[{"count":2,"href":"https:\/\/wp.ufpel.edu.br\/ppgs\/wp-json\/wp\/v2\/posts\/1587\/revisions"}],"predecessor-version":[{"id":1591,"href":"https:\/\/wp.ufpel.edu.br\/ppgs\/wp-json\/wp\/v2\/posts\/1587\/revisions\/1591"}],"wp:attachment":[{"href":"https:\/\/wp.ufpel.edu.br\/ppgs\/wp-json\/wp\/v2\/media?parent=1587"}],"wp:term":[{"taxonomy":"category","embeddable":true,"href":"https:\/\/wp.ufpel.edu.br\/ppgs\/wp-json\/wp\/v2\/categories?post=1587"},{"taxonomy":"post_tag","embeddable":true,"href":"https:\/\/wp.ufpel.edu.br\/ppgs\/wp-json\/wp\/v2\/tags?post=1587"}],"curies":[{"name":"wp","href":"https:\/\/api.w.org\/{rel}","templated":true}]}}