{"id":149,"date":"2014-04-25T11:31:44","date_gmt":"2014-04-25T14:31:44","guid":{"rendered":"https:\/\/wp.ufpel.edu.br\/ppgs\/?p=149"},"modified":"2014-06-26T14:43:12","modified_gmt":"2014-06-26T17:43:12","slug":"ppgs-convida-para-defesa-publica-de-dissertacoes","status":"publish","type":"post","link":"https:\/\/wp.ufpel.edu.br\/ppgs\/2014\/04\/25\/ppgs-convida-para-defesa-publica-de-dissertacoes\/","title":{"rendered":"PPGS convida para defesa p\u00fablica de disserta\u00e7\u00f5es"},"content":{"rendered":"<p><strong>\u201cDa tradi\u00e7\u00e3o \u00e0 modernidade: Uma an\u00e1lise dos reflexos das mudan\u00e7as sociais nos grupos musicais Sul-Rio-Grandenses\u201d<\/strong><\/p>\n<p><em>Marcos Liandro Lopes Alves Moraes<\/em><\/p>\n<p>07\/05\/2014, 14h, sala 316<br \/>\n<strong>Orientador:<\/strong>\u00a0Prof. Dr. William H\u00e9ctor Gomez Soto<\/p>\n<p><strong>\u201cFlorestan Fernandes e Jos\u00e9 de Souza Martins: Continuidades descontinuidades na sociologia da USP\u201d<\/strong><\/p>\n<p><em>Paulo Pereira Cava<\/em><\/p>\n<p>08\/05\/2014, 14h, sala 316<br \/>\n<strong>Orientador:<\/strong>\u00a0Prof. Dr. William H\u00e9ctor Gomez Soto<\/p>\n<p><strong>\u201cCondenados a vencer: A atua\u00e7\u00e3o do SEBRAE na produ\u00e7\u00e3o discursiva do individuo empreendedor de si mesmo\u201d<\/strong><\/p>\n<p><em>Larissa Ferreira Tavares<\/em><\/p>\n<p>13\/05\/2014, 19h, sala 323<br \/>\n<strong>Orientador:<\/strong>\u00a0Prof. Dr. Attila Magno e Silva Barbosa<\/p>\n<p><strong>\u201cA silenciosa resist\u00eancia da produ\u00e7\u00e3o familiar na regi\u00e3o fronteiri\u00e7a de Cerro Largo no Uruguai\u201d<\/strong><\/p>\n<p><em>Jimena Gonz\u00e1lez Ruiz<\/em><\/p>\n<p>19\/05\/2014, 9h, sala 316<br \/>\n<strong>Orientador:<\/strong> Prof. Dr. Flavio Sacco dos Anjos<\/p>\n","protected":false},"excerpt":{"rendered":"<p>\u201cDa tradi\u00e7\u00e3o \u00e0 modernidade: Uma an\u00e1lise dos reflexos das mudan\u00e7as sociais nos grupos musicais Sul-Rio-Grandenses\u201d Marcos Liandro Lopes Alves Moraes 07\/05\/2014, 14h, sala 316 Orientador:\u00a0Prof. Dr. William H\u00e9ctor Gomez Soto \u201cFlorestan Fernandes e Jos\u00e9 de Souza Martins: Continuidades descontinuidades na sociologia da USP\u201d Paulo Pereira Cava 08\/05\/2014, 14h, sala 316 Orientador:\u00a0Prof. Dr. William H\u00e9ctor Gomez [&hellip;]<\/p>\n","protected":false},"author":396,"featured_media":0,"comment_status":"closed","ping_status":"closed","sticky":false,"template":"","format":"standard","meta":{"jetpack_post_was_ever_published":false,"_jetpack_newsletter_access":"","_jetpack_dont_email_post_to_subs":false,"_jetpack_newsletter_tier_id":0,"_jetpack_memberships_contains_paywalled_content":false,"_jetpack_memberships_contains_paid_content":false,"footnotes":"","jetpack_publicize_message":"","jetpack_publicize_feature_enabled":true,"jetpack_social_post_already_shared":false,"jetpack_social_options":{"image_generator_settings":{"template":"highway","default_image_id":0,"font":"","enabled":false},"version":2}},"categories":[18],"tags":[],"class_list":["post-149","post","type-post","status-publish","format-standard","hentry","category-sem-categoria"],"jetpack_publicize_connections":[],"jetpack_featured_media_url":"","jetpack_sharing_enabled":true,"jetpack_shortlink":"https:\/\/wp.me\/p9dZ0f-2p","jetpack_likes_enabled":true,"jetpack-related-posts":[],"_links":{"self":[{"href":"https:\/\/wp.ufpel.edu.br\/ppgs\/wp-json\/wp\/v2\/posts\/149","targetHints":{"allow":["GET"]}}],"collection":[{"href":"https:\/\/wp.ufpel.edu.br\/ppgs\/wp-json\/wp\/v2\/posts"}],"about":[{"href":"https:\/\/wp.ufpel.edu.br\/ppgs\/wp-json\/wp\/v2\/types\/post"}],"author":[{"embeddable":true,"href":"https:\/\/wp.ufpel.edu.br\/ppgs\/wp-json\/wp\/v2\/users\/396"}],"replies":[{"embeddable":true,"href":"https:\/\/wp.ufpel.edu.br\/ppgs\/wp-json\/wp\/v2\/comments?post=149"}],"version-history":[{"count":4,"href":"https:\/\/wp.ufpel.edu.br\/ppgs\/wp-json\/wp\/v2\/posts\/149\/revisions"}],"predecessor-version":[{"id":247,"href":"https:\/\/wp.ufpel.edu.br\/ppgs\/wp-json\/wp\/v2\/posts\/149\/revisions\/247"}],"wp:attachment":[{"href":"https:\/\/wp.ufpel.edu.br\/ppgs\/wp-json\/wp\/v2\/media?parent=149"}],"wp:term":[{"taxonomy":"category","embeddable":true,"href":"https:\/\/wp.ufpel.edu.br\/ppgs\/wp-json\/wp\/v2\/categories?post=149"},{"taxonomy":"post_tag","embeddable":true,"href":"https:\/\/wp.ufpel.edu.br\/ppgs\/wp-json\/wp\/v2\/tags?post=149"}],"curies":[{"name":"wp","href":"https:\/\/api.w.org\/{rel}","templated":true}]}}