{"id":1472,"date":"2016-04-10T19:47:00","date_gmt":"2016-04-10T22:47:00","guid":{"rendered":"https:\/\/wp.ufpel.edu.br\/ppgs\/?p=1472"},"modified":"2026-04-20T13:29:45","modified_gmt":"2026-04-20T16:29:45","slug":"lancamento-de-livro","status":"publish","type":"post","link":"https:\/\/wp.ufpel.edu.br\/ppgs\/2016\/04\/10\/lancamento-de-livro\/","title":{"rendered":"Lan\u00e7amento do livro Teorias e Pr\u00e1ticas Sociol\u00f3gicas (PPGS)"},"content":{"rendered":"<div class=\"_5wd4 _1nc7 direction_ltr\">\n<div class=\"_5wd9\">\n<div class=\"_5wde _n4o\">\n<div class=\"_5w1r _3_om _5wdf\">\n<div class=\"_4gx_\">\n<div class=\"_d97\">\n<p>O PPG Sociologia (UFPel) apresenta, nesse livro, alguns t\u00f3picos de discuss\u00e3o das pesquisas realizadas pelos professores e alunos do Mestrado em Sociologia, est\u00e1 estruturado em quatorze cap\u00edtulos, divididos em tr\u00eas partes a partir das linhas de pesquisas. Essa colet\u00e2nea mostra o esfor\u00e7o da pesquisa e da produ\u00e7\u00e3o acad\u00eamica, que ao longo dos \u00faltimos anos, vem expandido suas atividades, realizando eventos e produ\u00e7\u00f5es cient\u00edficas , visando firmar-se no cen\u00e1rio acad\u00eamico. O lan\u00e7amento ser\u00e1 feito amanh\u00e3, 11 de abril, \u00e0s 19h, no audit\u00f3rio 2 do Centro de Artes, juntamente com a Aula Inaugural do Programa.<\/p>\n<p><a href=\"https:\/\/i0.wp.com\/wp.ufpel.edu.br\/ppgs\/files\/2016\/04\/Capa-Livro.jpg?ssl=1\" rel=\"attachment wp-att-1475\"><img data-recalc-dims=\"1\" data-attachment-id=\"1475\" data-permalink=\"https:\/\/wp.ufpel.edu.br\/ppgs\/2016\/04\/10\/lancamento-de-livro\/capa-livro\/\" data-orig-file=\"https:\/\/i0.wp.com\/wp.ufpel.edu.br\/ppgs\/files\/2016\/04\/Capa-Livro.jpg?fit=369%2C543&amp;ssl=1\" data-orig-size=\"369,543\" data-comments-opened=\"0\" data-image-meta=\"{&quot;aperture&quot;:&quot;0&quot;,&quot;credit&quot;:&quot;&quot;,&quot;camera&quot;:&quot;&quot;,&quot;caption&quot;:&quot;&quot;,&quot;created_timestamp&quot;:&quot;1460317090&quot;,&quot;copyright&quot;:&quot;&quot;,&quot;focal_length&quot;:&quot;0&quot;,&quot;iso&quot;:&quot;0&quot;,&quot;shutter_speed&quot;:&quot;0&quot;,&quot;title&quot;:&quot;&quot;,&quot;orientation&quot;:&quot;1&quot;}\" data-image-title=\"Capa Livro\" data-image-description=\"\" data-image-caption=\"\" data-medium-file=\"https:\/\/i0.wp.com\/wp.ufpel.edu.br\/ppgs\/files\/2016\/04\/Capa-Livro.jpg?fit=216%2C318&amp;ssl=1\" data-large-file=\"https:\/\/i0.wp.com\/wp.ufpel.edu.br\/ppgs\/files\/2016\/04\/Capa-Livro.jpg?fit=369%2C220&amp;ssl=1\" class=\"size-full wp-image-1475 aligncenter\" src=\"https:\/\/i0.wp.com\/wp.ufpel.edu.br\/ppgs\/files\/2016\/04\/Capa-Livro.jpg?resize=369%2C543&#038;ssl=1\" alt=\"Capa Livro\" width=\"369\" height=\"543\" srcset=\"https:\/\/i0.wp.com\/wp.ufpel.edu.br\/ppgs\/files\/2016\/04\/Capa-Livro.jpg?w=369&amp;ssl=1 369w, https:\/\/i0.wp.com\/wp.ufpel.edu.br\/ppgs\/files\/2016\/04\/Capa-Livro.jpg?resize=108%2C159&amp;ssl=1 108w, https:\/\/i0.wp.com\/wp.ufpel.edu.br\/ppgs\/files\/2016\/04\/Capa-Livro.jpg?resize=216%2C318&amp;ssl=1 216w\" sizes=\"(max-width: 369px) 100vw, 369px\" \/><\/a><\/p>\n<\/div>\n<\/div>\n<\/div>\n<\/div>\n<\/div>\n<\/div>\n","protected":false},"excerpt":{"rendered":"<p>O PPG Sociologia (UFPel) apresenta, nesse livro, alguns t\u00f3picos de discuss\u00e3o das pesquisas realizadas pelos professores e alunos do Mestrado em Sociologia, est\u00e1 estruturado em quatorze cap\u00edtulos, divididos em tr\u00eas partes a partir das linhas de pesquisas. Essa colet\u00e2nea mostra o esfor\u00e7o da pesquisa e da produ\u00e7\u00e3o acad\u00eamica, que ao longo dos \u00faltimos anos, vem [&hellip;]<\/p>\n","protected":false},"author":396,"featured_media":0,"comment_status":"closed","ping_status":"closed","sticky":false,"template":"","format":"standard","meta":{"jetpack_post_was_ever_published":false,"_jetpack_newsletter_access":"","_jetpack_dont_email_post_to_subs":false,"_jetpack_newsletter_tier_id":0,"_jetpack_memberships_contains_paywalled_content":false,"_jetpack_memberships_contains_paid_content":false,"footnotes":"","jetpack_publicize_message":"","jetpack_publicize_feature_enabled":true,"jetpack_social_post_already_shared":false,"jetpack_social_options":{"image_generator_settings":{"template":"highway","default_image_id":0,"font":"","enabled":false},"version":2}},"categories":[73215],"tags":[],"class_list":["post-1472","post","type-post","status-publish","format-standard","hentry","category-livros"],"jetpack_publicize_connections":[],"jetpack_featured_media_url":"","jetpack_sharing_enabled":true,"jetpack_shortlink":"https:\/\/wp.me\/p9dZ0f-nK","jetpack_likes_enabled":true,"jetpack-related-posts":[],"_links":{"self":[{"href":"https:\/\/wp.ufpel.edu.br\/ppgs\/wp-json\/wp\/v2\/posts\/1472","targetHints":{"allow":["GET"]}}],"collection":[{"href":"https:\/\/wp.ufpel.edu.br\/ppgs\/wp-json\/wp\/v2\/posts"}],"about":[{"href":"https:\/\/wp.ufpel.edu.br\/ppgs\/wp-json\/wp\/v2\/types\/post"}],"author":[{"embeddable":true,"href":"https:\/\/wp.ufpel.edu.br\/ppgs\/wp-json\/wp\/v2\/users\/396"}],"replies":[{"embeddable":true,"href":"https:\/\/wp.ufpel.edu.br\/ppgs\/wp-json\/wp\/v2\/comments?post=1472"}],"version-history":[{"count":9,"href":"https:\/\/wp.ufpel.edu.br\/ppgs\/wp-json\/wp\/v2\/posts\/1472\/revisions"}],"predecessor-version":[{"id":1490,"href":"https:\/\/wp.ufpel.edu.br\/ppgs\/wp-json\/wp\/v2\/posts\/1472\/revisions\/1490"}],"wp:attachment":[{"href":"https:\/\/wp.ufpel.edu.br\/ppgs\/wp-json\/wp\/v2\/media?parent=1472"}],"wp:term":[{"taxonomy":"category","embeddable":true,"href":"https:\/\/wp.ufpel.edu.br\/ppgs\/wp-json\/wp\/v2\/categories?post=1472"},{"taxonomy":"post_tag","embeddable":true,"href":"https:\/\/wp.ufpel.edu.br\/ppgs\/wp-json\/wp\/v2\/tags?post=1472"}],"curies":[{"name":"wp","href":"https:\/\/api.w.org\/{rel}","templated":true}]}}